{"id":7557,"date":"2025-09-10T21:47:42","date_gmt":"2025-09-10T21:47:42","guid":{"rendered":"https:\/\/politicapatagonica.com\/?p=7557"},"modified":"2025-09-10T21:47:43","modified_gmt":"2025-09-10T21:47:43","slug":"que-dijo-rolando-figueroa-de-la-mesa-de-gobernadores-que-convoca-el-gobierno-nacional","status":"publish","type":"post","link":"https:\/\/politicapatagonica.com\/index.php\/2025\/09\/10\/que-dijo-rolando-figueroa-de-la-mesa-de-gobernadores-que-convoca-el-gobierno-nacional\/","title":{"rendered":"Qu\u00e9 dijo Rolando Figueroa de la mesa de gobernadores que convoca el Gobierno Nacional"},"content":{"rendered":"\n<p><strong>\u201cSer\u00eda bueno que el gobierno nacional convoque absolutamente a todos los gobernadores\u201d, dijo el gobernador\u00a0Rolando Figueroa\u00a0<\/strong>sobre la posible llamada al di\u00e1logo por parte del presidente,\u00a0<strong>Javier Milei.<\/strong>\u00a0\u201cNo hubo convocatoria a\u00fan; hoy fue designado el nuevo ministro del Interior,\u00a0<strong>Lisandro Catal\u00e1n<\/strong>, pero seguramente en los pr\u00f3ximos d\u00edas se va a convocar a una mesa de di\u00e1logo\u201d, consider\u00f3.<\/p>\n\n\n\n<p><strong>\u201cEl di\u00e1logo siempre tiene que estar presente\u201d, sostuvo Figueroa, este mi\u00e9rcoles, tras la inauguraci\u00f3n de nuevas cuadras de asfalto, junto con el intendente de Neuqu\u00e9n, Mariano Gaido.<\/strong> Oportunidad en la que tambi\u00e9n explic\u00f3: \u201cEs importante que tengamos di\u00e1logo, pero siempre con la firmeza de que tenemos un rumbo, un modelo que dista mucho de algunas percepciones que se tienen desde Buenos Aires\u201d, donde \u201csiempre\u201d hay disputas entre los llamados partidos de la grieta.<\/p>\n\n\n\n<p><strong>\u201cEs importante que convoquen a todos los gobernadores, no s\u00f3lo a algunos, porque aunque uno sea opositor es importante sentarse a dialogar\u201d.<\/strong><\/p>\n\n\n\n<p>\u201cPareciera que son el\u00a0<strong>ombligo de la Argentina\u00a0<\/strong>y en realidad simplemente son los egos de algunos que se pelean\u201d, sostuvo el gobernador y se\u00f1al\u00f3 que <strong>\u201clos neuquinos tenemos que defender una forma de vida, un modelo y ese modelo sin lugar a dudas es la neuquinidad\u201d<\/strong>.<\/p>\n\n\n\n<h2>M\u00e9todo de gobernanza<\/h2>\n\n\n\n<p>Subray\u00f3 que \u201cnosotros en Neuqu\u00e9n hemos construido un&nbsp;<strong>m\u00e9todo de gobernanza,<\/strong>&nbsp;ni bien asumimos\u201d y \u201ccon di\u00e1logo nos fuimos dando cuenta de que ten\u00edamos que trabajar por las soluciones verdaderas y pudimos construir una amplia mayor\u00eda de consensos\u201d. Puso como ejemplo, el di\u00e1logo con el intendente de Cutral Co, Ram\u00f3n Rioseco.<\/p>\n\n\n\n<p><strong>\u201cAvanzamos en la construcci\u00f3n de gobernanza con Cutral Co porque firm\u00f3 el pacto de la gobernanza el intendente, entonces creo que ser\u00eda bueno que el gobierno nacional convoque absolutamente a todos los gobernadores, incluso a los opositores\u201d, destac\u00f3.<\/strong><\/p>\n\n\n\n<p>\u201cLa verdad que yo espero seguir trabajando con los neuquinos, esperamos con Mariano (Gaido) seguir trabajando como nos hemos propuesto, por eso en los pactos de gobernanza no esperamos nada de la Naci\u00f3n, si esperamos mucho de poder brindarnos nosotros para brindarle la soluci\u00f3n a nuestra gente\u201d, sostuvo.<\/p>\n\n\n\n<h2>La relaci\u00f3n con otros gobernadores<\/h2>\n\n\n\n<p><strong>Consultado por las reuniones entre gobernadores dijo que &#8220;es una cuesti\u00f3n de tiempos&#8221; y subray\u00f3 que \u201csiempre hay reuniones\u201d, como por ejemplo con el mandatario de R\u00edo Negro,<\/strong>\u00a0<strong>Alberto Weretilneck.<\/strong><\/p>\n\n\n\n<p><strong>\u201cSiempre hay reuniones con gobernadores, ayer nos hemos reunido con algunos, antes de ayer tambi\u00e9n con otros, pero siempre tratamos de colaborarnos con la gobernanza que cada uno puede tener, para otras cosas falta mucho tiempo y hay distintas miradas\u201d, sostuvo y concluy\u00f3: \u201cDe hecho el lunes voy a firmar importantes convenios con el gobernador de Mendoza (Alfredo Cornejo), porque tenemos mucho para desarrollar en conjunto\u201d, por ejemplo en cuestiones de seguridad.<\/strong><\/p>\n\n\n\n<p><strong>Fuente: www.lmneuquen.com<\/strong><\/p>\n","protected":false},"excerpt":{"rendered":"<p>\u201cSer\u00eda bueno que el gobierno nacional convoque absolutamente a todos los gobernadores\u201d, dijo el gobernador\u00a0Rolando Figueroa\u00a0sobre la posible llamada al di\u00e1logo por parte del presidente,\u00a0Javier Milei.\u00a0\u201cNo hubo convocatoria a\u00fan; hoy fue designado el nuevo ministro del Interior,\u00a0Lisandro Catal\u00e1n, pero seguramente en los pr\u00f3ximos d\u00edas se va a convocar a una mesa de di\u00e1logo\u201d, consider\u00f3. \u201cEl [&hellip;]<\/p>\n","protected":false},"author":5,"featured_media":7558,"comment_status":"open","ping_status":"open","sticky":false,"template":"","format":"standard","meta":[],"categories":[9],"tags":[],"_links":{"self":[{"href":"https:\/\/politicapatagonica.com\/index.php\/wp-json\/wp\/v2\/posts\/7557"}],"collection":[{"href":"https:\/\/politicapatagonica.com\/index.php\/wp-json\/wp\/v2\/posts"}],"about":[{"href":"https:\/\/politicapatagonica.com\/index.php\/wp-json\/wp\/v2\/types\/post"}],"author":[{"embeddable":true,"href":"https:\/\/politicapatagonica.com\/index.php\/wp-json\/wp\/v2\/users\/5"}],"replies":[{"embeddable":true,"href":"https:\/\/politicapatagonica.com\/index.php\/wp-json\/wp\/v2\/comments?post=7557"}],"version-history":[{"count":1,"href":"https:\/\/politicapatagonica.com\/index.php\/wp-json\/wp\/v2\/posts\/7557\/revisions"}],"predecessor-version":[{"id":7559,"href":"https:\/\/politicapatagonica.com\/index.php\/wp-json\/wp\/v2\/posts\/7557\/revisions\/7559"}],"wp:featuredmedia":[{"embeddable":true,"href":"https:\/\/politicapatagonica.com\/index.php\/wp-json\/wp\/v2\/media\/7558"}],"wp:attachment":[{"href":"https:\/\/politicapatagonica.com\/index.php\/wp-json\/wp\/v2\/media?parent=7557"}],"wp:term":[{"taxonomy":"category","embeddable":true,"href":"https:\/\/politicapatagonica.com\/index.php\/wp-json\/wp\/v2\/categories?post=7557"},{"taxonomy":"post_tag","embeddable":true,"href":"https:\/\/politicapatagonica.com\/index.php\/wp-json\/wp\/v2\/tags?post=7557"}],"curies":[{"name":"wp","href":"https:\/\/api.w.org\/{rel}","templated":true}]}}