{"id":7553,"date":"2025-09-10T20:57:28","date_gmt":"2025-09-10T20:57:28","guid":{"rendered":"https:\/\/politicapatagonica.com\/?p=7553"},"modified":"2025-09-11T13:09:35","modified_gmt":"2025-09-11T13:09:35","slug":"alberto-weretilneck-sobre-los-proyectos-de-gnl-y-el-vmos-un-antes-y-un-despues-para-rio-negro","status":"publish","type":"post","link":"https:\/\/politicapatagonica.com\/index.php\/2025\/09\/10\/alberto-weretilneck-sobre-los-proyectos-de-gnl-y-el-vmos-un-antes-y-un-despues-para-rio-negro\/","title":{"rendered":"Alberto Weretilneck sobre los proyectos de GNL y el VMOS: &#8220;Un antes y un despu\u00e9s&#8221; para R\u00edo Negro"},"content":{"rendered":"\n<p>El gobernador de R\u00edo Negro,&nbsp;Alberto Weretilneck, calific\u00f3<strong>&nbsp;como &#8220;disruptivos&#8221; los proyectos de exportaci\u00f3n&nbsp;<\/strong>que distintas empresas petroleras est\u00e1n planificando y ejecutando para evacuar gas y petr\u00f3leo desde el Golfo San Mat\u00edas.<\/p>\n\n\n\n<p><strong>Son un antes y un despu\u00e9s<\/strong>, para la industria dijo el mandatario, quien fue entrevistado en el stand de AOG Expo 2025 que comenz\u00f3 el lunes y finaliza este jueves, en el predio de la Rural de Buenos Aires.<\/p>\n\n\n\n<p>Se refiri\u00f3 concretamente a la obra del oleoducto Vaca Muerta Sur (VMOS) y las inversiones que se prev\u00e9n para el GNL, todas asentadas en la costa rionegrina,&nbsp;<strong>planteada como un nuevo polo exportador de no convencionales.<\/strong><\/p>\n\n\n\n<p>Aclar\u00f3, sin embargo, que cualquier iniciativa de este tipo<strong>&nbsp;debe tener licencia social,<\/strong>&nbsp;porque los beneficios de las empresas no pueden ser solo para ellas, s<strong>ino tambi\u00e9n para &#8220;quienes viven en los lugares&#8221;&nbsp;<\/strong>en los que realizan sus inversiones.<\/p>\n\n\n\n<p>Asegur\u00f3 que desde la Provincia se est\u00e1 trabajando para garantizar beneficios en las poblaciones locales, a trav\u00e9s, por ejemplo, de importantes programas de capacitaci\u00f3n. Tambi\u00e9n,&nbsp;<strong>con el requerimiento de mano de obra rionegrina en estos proyectos<\/strong>, idea que se est\u00e1 trabajando con las empresas y los sindicatos, sobre todo con la Uocra.<\/p>\n\n\n\n<h2>La agenda de Alberto Weretilneck en la AOG Expo 2025<\/h2>\n\n\n\n<p>El gobernador hab\u00eda firmado unos minutos antes<strong>&nbsp;un acuerdo de complementariedad entre R\u00edo Negro, Neuqu\u00e9n, YPF y el Consejo Federal de Inversiones (CFI).<\/strong><\/p>\n\n\n\n<p>Consiste en un programa para <strong>desarrollar proveedores locales<\/strong>, algo muy importante en una provincia como la nuestra, que est\u00e1 generando nuevas actividades con la industria del oil and gas, precis\u00f3.<\/p>\n\n\n\n<p>En paralelo, el Gobierno sell\u00f3 otro acuerdo, en este caso solo con el CFI,&nbsp;<strong>con el que se buscar\u00e1 readecuar la normativa legal e impositiva de los parques industriales rionegrinos<\/strong>, teniendo en cuenta el impacto que tendr\u00e1 en ellos la fuerte impronta energ\u00e9tica que se prev\u00e9 para los pr\u00f3ximos a\u00f1os.<\/p>\n\n\n\n<h2>Alberto Weretilneck y la proyecci\u00f3n de R\u00edo Negro como productora no convencional<\/h2>\n\n\n\n<p>Weretilneck habl\u00f3 m\u00e1s adelante de &#8220;<strong>garantizar un futuro<\/strong>&#8221; para la juventud, ya que ser\u00e1 ella la que sentir\u00e1 los alcances de estas grandes iniciativas de exportaci\u00f3n.<\/p>\n\n\n\n<p>Tambi\u00e9n coment\u00f3 la situaci\u00f3n de los no convencionales en la provincia. Indic\u00f3 que R\u00edo Negro&nbsp;<strong>ya est\u00e1 en la industria del shale<\/strong>, gracias a experiencias positivas como Confluencia Norte y Sur, en las que se est\u00e1n haciendo trabajos de perforaci\u00f3n.<\/p>\n\n\n\n<p>De igual modo, resalt\u00f3 el perfil convencional que tiene el sector hidrocabur\u00edfero rionegrino, valorando el trabajo que se hizo desde el Ejecutivo<strong>&nbsp;para adelantar las concesiones de algunas locaciones que ven\u00edan en franco declino.<\/strong><\/p>\n\n\n\n<p><strong>Fuente: www.rionegro.com.ar<\/strong><\/p>\n","protected":false},"excerpt":{"rendered":"<p>El gobernador de R\u00edo Negro,&nbsp;Alberto Weretilneck, calific\u00f3&nbsp;como &#8220;disruptivos&#8221; los proyectos de exportaci\u00f3n&nbsp;que distintas empresas petroleras est\u00e1n planificando y ejecutando para evacuar gas y petr\u00f3leo desde el Golfo San Mat\u00edas. Son un antes y un despu\u00e9s, para la industria dijo el mandatario, quien fue entrevistado en el stand de AOG Expo 2025 que comenz\u00f3 el lunes [&hellip;]<\/p>\n","protected":false},"author":5,"featured_media":7554,"comment_status":"open","ping_status":"open","sticky":false,"template":"","format":"standard","meta":[],"categories":[13],"tags":[],"_links":{"self":[{"href":"https:\/\/politicapatagonica.com\/index.php\/wp-json\/wp\/v2\/posts\/7553"}],"collection":[{"href":"https:\/\/politicapatagonica.com\/index.php\/wp-json\/wp\/v2\/posts"}],"about":[{"href":"https:\/\/politicapatagonica.com\/index.php\/wp-json\/wp\/v2\/types\/post"}],"author":[{"embeddable":true,"href":"https:\/\/politicapatagonica.com\/index.php\/wp-json\/wp\/v2\/users\/5"}],"replies":[{"embeddable":true,"href":"https:\/\/politicapatagonica.com\/index.php\/wp-json\/wp\/v2\/comments?post=7553"}],"version-history":[{"count":2,"href":"https:\/\/politicapatagonica.com\/index.php\/wp-json\/wp\/v2\/posts\/7553\/revisions"}],"predecessor-version":[{"id":7564,"href":"https:\/\/politicapatagonica.com\/index.php\/wp-json\/wp\/v2\/posts\/7553\/revisions\/7564"}],"wp:featuredmedia":[{"embeddable":true,"href":"https:\/\/politicapatagonica.com\/index.php\/wp-json\/wp\/v2\/media\/7554"}],"wp:attachment":[{"href":"https:\/\/politicapatagonica.com\/index.php\/wp-json\/wp\/v2\/media?parent=7553"}],"wp:term":[{"taxonomy":"category","embeddable":true,"href":"https:\/\/politicapatagonica.com\/index.php\/wp-json\/wp\/v2\/categories?post=7553"},{"taxonomy":"post_tag","embeddable":true,"href":"https:\/\/politicapatagonica.com\/index.php\/wp-json\/wp\/v2\/tags?post=7553"}],"curies":[{"name":"wp","href":"https:\/\/api.w.org\/{rel}","templated":true}]}}