{"id":7543,"date":"2025-09-08T23:01:04","date_gmt":"2025-09-08T23:01:04","guid":{"rendered":"https:\/\/politicapatagonica.com\/?p=7543"},"modified":"2025-09-08T23:01:05","modified_gmt":"2025-09-08T23:01:05","slug":"elecciones-2025-la-justicia-federal-ratifico-la-no-oficializacion-de-la-lista-de-unir-en-santa-cruz-y-confirmo-irregularidades-graves","status":"publish","type":"post","link":"https:\/\/politicapatagonica.com\/index.php\/2025\/09\/08\/elecciones-2025-la-justicia-federal-ratifico-la-no-oficializacion-de-la-lista-de-unir-en-santa-cruz-y-confirmo-irregularidades-graves\/","title":{"rendered":"Elecciones 2025: la Justicia Federal ratific\u00f3 la no oficializaci\u00f3n de la lista de UNIR en Santa Cruz y confirm\u00f3 irregularidades graves"},"content":{"rendered":"\n<p><strong>El Juzgado Federal con competencia electoral en R\u00edo Gallegos resolvi\u00f3 este lunes\u00a0no oficializar la lista de candidatos de UNIR\u00a0para las elecciones nacionales del pr\u00f3ximo 26 de octubre, pese al\u00a0fallo de la C\u00e1mara Nacional Electoral\u00a0que solicitaba revisar el fallo.<\/strong><\/p>\n\n\n\n<p>El fallo se tom\u00f3 en cuenta las pruebas presentadas por el Ministerio P\u00fablico Fiscal, que revelaron <strong>&#8220;irregularidades graves en la conformaci\u00f3n del partido y en el proceso de selecci\u00f3n de candidatos&#8221;.<\/strong><\/p>\n\n\n\n<p><strong>Afiliaciones falsas y firmas ap\u00f3crifas<\/strong><\/p>\n\n\n\n<p><strong>La investigaci\u00f3n determin\u00f3 que\u00a0siete de los once convencionales<\/strong>\u00a0que supuestamente firmaron el acta donde se modific\u00f3 la Carta Org\u00e1nica del partido\u00a0negaron haberlo hecho. Adem\u00e1s, comprobaron que una de las firmantes carece de capacidad mental para prestar consentimiento, seg\u00fan dice el fallo.<\/p>\n\n\n\n<p>&#8220;No puede hablarse de expresi\u00f3n de la voluntad soberana del partido cuando las pruebas evidencian un fraude en la conformaci\u00f3n de la convenci\u00f3n&#8221;, remarc\u00f3 el fiscal en su dictamen.<\/p>\n\n\n\n<p>El fallo tambi\u00e9n se\u00f1al\u00f3 que<strong> varias personas aparec\u00edan como afiliadas a UNIR sin haber dado su consentimiento<\/strong>. &#8220;Las v\u00edctimas desconocieron sus firmas en las fichas exhibidas&#8221;, agrega la resoluci\u00f3n.<\/p>\n\n\n\n<p><strong>Exclusi\u00f3n de las elecciones de octubre<\/strong><\/p>\n\n\n\n<p>Ante estas irregularidades, la Justicia entendi\u00f3 que se configuraba una<strong>\u00a0&#8220;estafa procesal&#8221;\u00a0que viciaba de nulidad el proceso interno de UNIR. <\/strong>En consecuencia, el juez ratific\u00f3 que el partido no podr\u00e1 competir en las elecciones nacionales del 26 de octubre.<\/p>\n\n\n\n<p><strong>La decisi\u00f3n se suma a lo ya dispuesto por la Junta Electoral Nacional, que el 1\u00b0 de septiembre hab\u00eda oficializado el modelo de\u00a0Boleta \u00danica Papel (BUP)\u00a0sin incluir a la agrupaci\u00f3n.<\/strong><\/p>\n\n\n\n<p>El fallo concluye que avalar la participaci\u00f3n de UNIR hubiera significado &#8220;consolidar un acto en apariencia nulo, contrario a los principios m\u00e1s elementales del derecho&#8221;.<\/p>\n\n\n\n<p><strong>Fuente: www.eldiarionuevodia.com.ar<\/strong><\/p>\n","protected":false},"excerpt":{"rendered":"<p>El Juzgado Federal con competencia electoral en R\u00edo Gallegos resolvi\u00f3 este lunes\u00a0no oficializar la lista de candidatos de UNIR\u00a0para las elecciones nacionales del pr\u00f3ximo 26 de octubre, pese al\u00a0fallo de la C\u00e1mara Nacional Electoral\u00a0que solicitaba revisar el fallo. El fallo se tom\u00f3 en cuenta las pruebas presentadas por el Ministerio P\u00fablico Fiscal, que revelaron &#8220;irregularidades [&hellip;]<\/p>\n","protected":false},"author":5,"featured_media":7544,"comment_status":"open","ping_status":"open","sticky":false,"template":"","format":"standard","meta":[],"categories":[8],"tags":[],"_links":{"self":[{"href":"https:\/\/politicapatagonica.com\/index.php\/wp-json\/wp\/v2\/posts\/7543"}],"collection":[{"href":"https:\/\/politicapatagonica.com\/index.php\/wp-json\/wp\/v2\/posts"}],"about":[{"href":"https:\/\/politicapatagonica.com\/index.php\/wp-json\/wp\/v2\/types\/post"}],"author":[{"embeddable":true,"href":"https:\/\/politicapatagonica.com\/index.php\/wp-json\/wp\/v2\/users\/5"}],"replies":[{"embeddable":true,"href":"https:\/\/politicapatagonica.com\/index.php\/wp-json\/wp\/v2\/comments?post=7543"}],"version-history":[{"count":1,"href":"https:\/\/politicapatagonica.com\/index.php\/wp-json\/wp\/v2\/posts\/7543\/revisions"}],"predecessor-version":[{"id":7545,"href":"https:\/\/politicapatagonica.com\/index.php\/wp-json\/wp\/v2\/posts\/7543\/revisions\/7545"}],"wp:featuredmedia":[{"embeddable":true,"href":"https:\/\/politicapatagonica.com\/index.php\/wp-json\/wp\/v2\/media\/7544"}],"wp:attachment":[{"href":"https:\/\/politicapatagonica.com\/index.php\/wp-json\/wp\/v2\/media?parent=7543"}],"wp:term":[{"taxonomy":"category","embeddable":true,"href":"https:\/\/politicapatagonica.com\/index.php\/wp-json\/wp\/v2\/categories?post=7543"},{"taxonomy":"post_tag","embeddable":true,"href":"https:\/\/politicapatagonica.com\/index.php\/wp-json\/wp\/v2\/tags?post=7543"}],"curies":[{"name":"wp","href":"https:\/\/api.w.org\/{rel}","templated":true}]}}