{"id":7540,"date":"2025-09-08T22:54:46","date_gmt":"2025-09-08T22:54:46","guid":{"rendered":"https:\/\/politicapatagonica.com\/?p=7540"},"modified":"2025-09-08T22:54:47","modified_gmt":"2025-09-08T22:54:47","slug":"gaido-figueroa-e-ypf-firmaron-un-convenio-educativo-con-eje-en-vaca-muerta","status":"publish","type":"post","link":"https:\/\/politicapatagonica.com\/index.php\/2025\/09\/08\/gaido-figueroa-e-ypf-firmaron-un-convenio-educativo-con-eje-en-vaca-muerta\/","title":{"rendered":"Gaido, Figueroa e YPF firmaron un convenio educativo con eje en Vaca Muerta"},"content":{"rendered":"\n<p>La<strong>\u00a0Municipalidad de Neuqu\u00e9n<\/strong>\u00a0inaugurar\u00e1 el pr\u00f3ximo viernes 12 de septiembre la segunda nave del\u00a0<strong>Polo Cient\u00edfico-Tecnol\u00f3gico<\/strong>, ubicado en el Distrito 2.\u00a0Como parte de este desarrollo, el intendente\u00a0<strong>Mariano Gaido<\/strong>, el gobernador\u00a0<strong>Rolando Figueroa<\/strong>\u00a0y el presidente de YPF,\u00a0<strong>Horacio Mar\u00edn<\/strong>, firmaron un convenio en Buenos Aires, en el marco de\u00a0<strong>Argentina Oil &amp; Gas Expo 2025.<\/strong><\/p>\n\n\n\n<p>El acuerdo permite destinar este espacio de 2.800 metros cuadrados al funcionamiento del&nbsp;<strong>Instituto de Formaci\u00f3n T\u00e9cnica Vaca Muerta (IVM)<\/strong>, una propuesta educativa destinada a la formaci\u00f3n de profesionales para el sector petrolero impulsada por la Fundaci\u00f3n YPF.<\/p>\n\n\n\n<p>El mandatario municipal destac\u00f3 que, el convenio tiene que ver con la necesidad de fortalecer el conocimiento, y acompa\u00f1ar el crecimiento de Vaca Muerta, ya que&nbsp;<strong>se estima que para el a\u00f1o 2030 se necesiten alrededor de 17.000 nuevos puestos de trabajo.&nbsp;<\/strong>\u201cEl objetivo es que esos empleos sean para neuquinos y neuquinas, y que puedan formarse en la ciudad, con capacitaciones de calidad\u201d, se\u00f1al\u00f3.<\/p>\n\n\n\n<p>En la nueva nave, que cuenta con cuatro plantas y con un puente a trav\u00e9s del cual se comunica con la torre que ya est\u00e1 en funcionamiento, habr\u00e1 aulas y espacios de capacitaci\u00f3n vinculados al desarrollo energ\u00e9tico. \u201cEsto posiciona a la ciudad, la provincia y la regi\u00f3n como actores clave de la econom\u00eda del conocimiento\u201d, afirm\u00f3 Gaido, tras recordar que el Polo ya cuenta con la presencia de la Universidad Nacional del Comahue (UNCo), la Universidad Tecnol\u00f3gica Nacional (UTN), la Universidad de Flores (UFLO) y la Universidad Patag\u00f3nica, adem\u00e1s, m\u00e1s adelante funcionar\u00e1 una escuela provincial de rob\u00f3tica.<\/p>\n\n\n\n<p>Tambi\u00e9n, adelant\u00f3 que pronto comenzar\u00e1 la construcci\u00f3n de un tercer edificio, destinado a empresas tecnol\u00f3gicas locales. &#8220;El tercer edificio del Polo Cient\u00edfico Tecnol\u00f3gico es parte de un proyecto que busca consolidar a Neuqu\u00e9n como un centro de referencia en innovaci\u00f3n para la regi\u00f3n. Estamos convencidos de que desde este lugar vamos a impulsar Vaca Muerta en nuestra regi\u00f3n, d\u00e1ndoles capacitaci\u00f3n y chances laborales a nuestros t\u00e9cnicos y estudiantes&#8221;, resalt\u00f3.<\/p>\n\n\n\n<h2><strong>El nuevo edificio del Polo Tecnol\u00f3gico<\/strong><\/h2>\n\n\n\n<p>&#8220;Con el tercer edificio se concreta una&nbsp;<strong>importante inversi\u00f3n y esto significa investigaci\u00f3n y oportunidad de desarrollo<\/strong>. Vamos a acompa\u00f1ar en todo lo que se necesite para que el sector privado tenga la posibilidad de crecer, siendo la chispa que lo enciende&#8221;, indic\u00f3 el intendente.<\/p>\n\n\n\n<p>El<strong>&nbsp;IVM apunta a capacitar entre 2000 y 3000 personas por a\u00f1o<\/strong>&nbsp;en los perfiles t\u00e9cnicos m\u00e1s demandados por la industria, y su origen tiene que ver con una investigaci\u00f3n prospectiva que llev\u00f3 a cabo la Fundaci\u00f3n YPF. En el estudio se detect\u00f3 que en los pr\u00f3ximos 10 a\u00f1os se van a requerir m\u00e1s de 230 ocupaciones y 113 perfiles profesionales distintos en la cuenca neuquina.<\/p>\n\n\n\n<p>Los cursos<strong>&nbsp;estar\u00e1n organizados en m\u00f3dulos de tres meses<\/strong>&nbsp;y est\u00e1n pensados para perfiles como, estudiantes del \u00faltimo a\u00f1o de escuelas t\u00e9cnicas, trabajadores de la industria que quieran ampliar sus conocimientos, y personas sin experiencia previa que buscan una salida laboral.<\/p>\n\n\n\n<h2><strong>Formaci\u00f3n en Vaca Muerta<\/strong><\/h2>\n\n\n\n<p>En un principio, el foco inicial estar\u00e1 puesto en capacitar en perforaci\u00f3n, fractura, producci\u00f3n y yacimiento digitales, y m\u00e1s adelante se sumar\u00e1n nuevas propuestas educativas. Adem\u00e1s, a pocos minutos de la capital la IVM tendr\u00e1 un pozo escuela, fundamental para brindar ense\u00f1anza de calidad.<\/p>\n\n\n\n<p>Para dise\u00f1ar al Instituto, YPF junto a otras operadoras viajaron a M\u00e9xico, Canad\u00e1 y Estados Unidos a observar c\u00f3mo funcionan los principales centros de formaci\u00f3n t\u00e9cnica de la industria energ\u00e9tica.<\/p>\n\n\n\n<p>Por su parte, la secretaria de Jefatura de Gabinete, Mar\u00eda Pasqualini, a\u00f1adi\u00f3 que el 12 de septiembre tambi\u00e9n se lanzar\u00e1 un laboratorio de Inteligencia Artificial orientado al desarrollo de pymes. Record\u00f3 que el predio donde hoy se levantan las naves era anteriormente un basural, y destac\u00f3 que la Municipalidad de Neuqu\u00e9n realiz\u00f3 all\u00ed una gran inversi\u00f3n.<\/p>\n\n\n\n<p>\u201cEste sector se est\u00e1 transformando en un distrito cient\u00edfico-tecnol\u00f3gico, con tres naves, cuatro universidades y un instituto de investigaci\u00f3n. Representa una nueva econom\u00eda para la ciudad\u201d, precis\u00f3 la funcionaria.<\/p>\n\n\n\n<p><strong>Fuente: laopinionaustral.com.ar<\/strong><\/p>\n","protected":false},"excerpt":{"rendered":"<p>La\u00a0Municipalidad de Neuqu\u00e9n\u00a0inaugurar\u00e1 el pr\u00f3ximo viernes 12 de septiembre la segunda nave del\u00a0Polo Cient\u00edfico-Tecnol\u00f3gico, ubicado en el Distrito 2.\u00a0Como parte de este desarrollo, el intendente\u00a0Mariano Gaido, el gobernador\u00a0Rolando Figueroa\u00a0y el presidente de YPF,\u00a0Horacio Mar\u00edn, firmaron un convenio en Buenos Aires, en el marco de\u00a0Argentina Oil &amp; Gas Expo 2025. El acuerdo permite destinar este espacio [&hellip;]<\/p>\n","protected":false},"author":5,"featured_media":7541,"comment_status":"open","ping_status":"open","sticky":false,"template":"","format":"standard","meta":[],"categories":[9],"tags":[],"_links":{"self":[{"href":"https:\/\/politicapatagonica.com\/index.php\/wp-json\/wp\/v2\/posts\/7540"}],"collection":[{"href":"https:\/\/politicapatagonica.com\/index.php\/wp-json\/wp\/v2\/posts"}],"about":[{"href":"https:\/\/politicapatagonica.com\/index.php\/wp-json\/wp\/v2\/types\/post"}],"author":[{"embeddable":true,"href":"https:\/\/politicapatagonica.com\/index.php\/wp-json\/wp\/v2\/users\/5"}],"replies":[{"embeddable":true,"href":"https:\/\/politicapatagonica.com\/index.php\/wp-json\/wp\/v2\/comments?post=7540"}],"version-history":[{"count":1,"href":"https:\/\/politicapatagonica.com\/index.php\/wp-json\/wp\/v2\/posts\/7540\/revisions"}],"predecessor-version":[{"id":7542,"href":"https:\/\/politicapatagonica.com\/index.php\/wp-json\/wp\/v2\/posts\/7540\/revisions\/7542"}],"wp:featuredmedia":[{"embeddable":true,"href":"https:\/\/politicapatagonica.com\/index.php\/wp-json\/wp\/v2\/media\/7541"}],"wp:attachment":[{"href":"https:\/\/politicapatagonica.com\/index.php\/wp-json\/wp\/v2\/media?parent=7540"}],"wp:term":[{"taxonomy":"category","embeddable":true,"href":"https:\/\/politicapatagonica.com\/index.php\/wp-json\/wp\/v2\/categories?post=7540"},{"taxonomy":"post_tag","embeddable":true,"href":"https:\/\/politicapatagonica.com\/index.php\/wp-json\/wp\/v2\/tags?post=7540"}],"curies":[{"name":"wp","href":"https:\/\/api.w.org\/{rel}","templated":true}]}}