{"id":7537,"date":"2025-09-08T20:30:52","date_gmt":"2025-09-08T20:30:52","guid":{"rendered":"https:\/\/politicapatagonica.com\/?p=7537"},"modified":"2025-09-08T20:30:53","modified_gmt":"2025-09-08T20:30:53","slug":"vamos-a-ponerle-un-freno-a-milei","status":"publish","type":"post","link":"https:\/\/politicapatagonica.com\/index.php\/2025\/09\/08\/vamos-a-ponerle-un-freno-a-milei\/","title":{"rendered":"\u201cVamos a ponerle un freno a Milei\u201d"},"content":{"rendered":"\n<p><br>Con miras a las elecciones nacionales del 26 de octubre, los candidatos de Fuerza Patria intensificaron su agenda de campa\u00f1a en Tierra del Fuego. Cristina L\u00f3pez y Federico Run\u00edn, aspirantes al Senado, se reunieron con Agust\u00edn Tita y Paola Mancilla, candidatos a diputados, para definir una estrategia territorial que se desarrollar\u00e1 en toda la provincia.<\/p>\n\n\n\n<p>Durante el encuentro, remarcaron que el espacio pol\u00edtico que representan \u201ces la \u00fanica opci\u00f3n en el Congreso para marcarle un l\u00edmite a la crueldad de Milei\u201d. En ese sentido, afirmaron que llevar\u00e1n adelante una campa\u00f1a cercana a la ciudadan\u00eda, casa por casa y cara a cara con los vecinos y vecinas.<\/p>\n\n\n\n<p>La agenda de trabajo incluy\u00f3 la definici\u00f3n de ejes estrat\u00e9gicos de campa\u00f1a, el fortalecimiento territorial y la elaboraci\u00f3n de propuestas legislativas vinculadas a las necesidades de las familias fueguinas. Para los referentes de Fuerza Patria, la organizaci\u00f3n, la unidad y la militancia activa ser\u00e1n claves para frenar el avance de las pol\u00edticas libertarias.<\/p>\n\n\n\n<p>\u201cCuando las fuerzas populares se encuentran, se abre un camino de esperanza en todo el pa\u00eds. Con unidad podemos ponerle l\u00edmites al ajuste de Milei y volver a construir la Argentina y la Tierra del Fuego que nos merecemos\u201d, destacaron.<\/p>\n\n\n\n<p>Desde la fuerza pol\u00edtica tambi\u00e9n marcaron diferencias con otros espacios opositores: se\u00f1alaron que \u201cquienes no aceptaron ser parte de esta unidad son c\u00f3mplices y funcionales a un gobierno libertario que ataca la provincia y destruye el futuro de las familias fueguinas\u201d.<\/p>\n\n\n\n<p>Finalmente, los candidatos subrayaron que la defensa del trabajo, la soberan\u00eda y el modelo de provincia que se construye desde el sur son banderas centrales de su propuesta, y que su objetivo es conformar un bloque legislativo fuerte que frene el ajuste y acompa\u00f1e el desarrollo con inclusi\u00f3n y justicia social.<\/p>\n\n\n\n<p><strong>Fuente: www.eldiariodelfindelmundo.com<\/strong><\/p>\n","protected":false},"excerpt":{"rendered":"<p>Con miras a las elecciones nacionales del 26 de octubre, los candidatos de Fuerza Patria intensificaron su agenda de campa\u00f1a en Tierra del Fuego. Cristina L\u00f3pez y Federico Run\u00edn, aspirantes al Senado, se reunieron con Agust\u00edn Tita y Paola Mancilla, candidatos a diputados, para definir una estrategia territorial que se desarrollar\u00e1 en toda la provincia. [&hellip;]<\/p>\n","protected":false},"author":5,"featured_media":7538,"comment_status":"open","ping_status":"open","sticky":false,"template":"","format":"standard","meta":[],"categories":[11],"tags":[],"_links":{"self":[{"href":"https:\/\/politicapatagonica.com\/index.php\/wp-json\/wp\/v2\/posts\/7537"}],"collection":[{"href":"https:\/\/politicapatagonica.com\/index.php\/wp-json\/wp\/v2\/posts"}],"about":[{"href":"https:\/\/politicapatagonica.com\/index.php\/wp-json\/wp\/v2\/types\/post"}],"author":[{"embeddable":true,"href":"https:\/\/politicapatagonica.com\/index.php\/wp-json\/wp\/v2\/users\/5"}],"replies":[{"embeddable":true,"href":"https:\/\/politicapatagonica.com\/index.php\/wp-json\/wp\/v2\/comments?post=7537"}],"version-history":[{"count":1,"href":"https:\/\/politicapatagonica.com\/index.php\/wp-json\/wp\/v2\/posts\/7537\/revisions"}],"predecessor-version":[{"id":7539,"href":"https:\/\/politicapatagonica.com\/index.php\/wp-json\/wp\/v2\/posts\/7537\/revisions\/7539"}],"wp:featuredmedia":[{"embeddable":true,"href":"https:\/\/politicapatagonica.com\/index.php\/wp-json\/wp\/v2\/media\/7538"}],"wp:attachment":[{"href":"https:\/\/politicapatagonica.com\/index.php\/wp-json\/wp\/v2\/media?parent=7537"}],"wp:term":[{"taxonomy":"category","embeddable":true,"href":"https:\/\/politicapatagonica.com\/index.php\/wp-json\/wp\/v2\/categories?post=7537"},{"taxonomy":"post_tag","embeddable":true,"href":"https:\/\/politicapatagonica.com\/index.php\/wp-json\/wp\/v2\/tags?post=7537"}],"curies":[{"name":"wp","href":"https:\/\/api.w.org\/{rel}","templated":true}]}}