{"id":7534,"date":"2025-09-05T21:44:03","date_gmt":"2025-09-05T21:44:03","guid":{"rendered":"https:\/\/politicapatagonica.com\/?p=7534"},"modified":"2025-09-05T21:44:04","modified_gmt":"2025-09-05T21:44:04","slug":"ziliotto-descarto-que-el-peronismo-busque-el-estallido-no-queremos-otro-2001","status":"publish","type":"post","link":"https:\/\/politicapatagonica.com\/index.php\/2025\/09\/05\/ziliotto-descarto-que-el-peronismo-busque-el-estallido-no-queremos-otro-2001\/","title":{"rendered":"Ziliotto descart\u00f3 que el peronismo busque el estallido: &#8220;No queremos otro 2001&#8221;"},"content":{"rendered":"\n<p>El gobernador de La Pampa,<strong>&nbsp;Sergio Ziliotto, descart\u00f3 que el peronismo busque el estallido de una crisis social y econ\u00f3mica en el pa\u00eds, y celebr\u00f3 el rechazo de la C\u00e1mara de Senadores al veto contra la Emergencia en Discapacidad.<\/strong><\/p>\n\n\n\n<p><strong>&#8220;No queremos otro 2001-2002, porque no s\u00e9 si las provincias y los municipios van a tener capacidad para sostener la demanda de alimentos de la sociedad<\/strong>. Porque \u00bfQu\u00e9 puede ofrecer el gobierno nacional ante una crisis social? Represi\u00f3n. No tiene otra alternativa&#8221;, sentenci\u00f3 el mandatario en declaraciones a Splendid AM 990.\u00a0<\/p>\n\n\n\n<p>En la misma l\u00ednea, ampli\u00f3: &#8220;Este pa\u00eds no se arregla con gradualismo. La \u00fanica manera de crecer en exportaciones es tener una balanza comercial que nos permita aumentar reservas en el Banco Central y generar un proceso inflacionario realmente saludable, pero con bases fuertes&#8221;.<\/p>\n\n\n\n<p><strong>&#8220;Lo otro nos va a llevar a que haya una crisis social, y eso es lo que no queremos. Cuando por ah\u00ed plantean despectivamente que nosotros queremos voltear a un gobierno, no tienen ni idea de lo que significa estar en la gesti\u00f3n diaria&#8221;, plante\u00f3 Ziliotto.&nbsp;<\/strong><\/p>\n\n\n\n<p>Asimismo, propuso impulsar una visi\u00f3n &#8220;proactiva&#8221; y buscar una soluci\u00f3n a partir de la generaci\u00f3n de trabajo. &#8220;Hoy la capacidad instalada en la industria est\u00e1 por debajo de niveles hist\u00f3ricos, y eso no se revierte de un d\u00eda para otro&#8221;, cuestion\u00f3.<\/p>\n\n\n\n<p>Para el gobernador pampeano, la Argentina &#8220;est\u00e1 viviendo momentos muy dif\u00edciles&#8221;, por lo que plante\u00f3 a las elecciones en la provincia de Buenos Aires del domingo y las elecciones nacionales del 26 de octubre como &#8220;un punto de inflexi\u00f3n&#8221;.&nbsp;<strong>&#8220;Depende de la dirigencia dejar de lado las cuestiones personales y poner por encima el inter\u00e9s com\u00fan, el bienestar de la sociedad y trabajar en conjunto&#8221;,&nbsp;<\/strong>asever\u00f3, en un claro mensaje al peronismo.&nbsp;<\/p>\n\n\n\n<p><strong>Ziliotto celebr\u00f3 el rechazo del Senado al veto contra la emergencia en discapacidad y reiter\u00f3 las cr\u00edticas al Poder Ejecutivo.<\/strong> &#8220;Es una gran satisfacci\u00f3n porque pareciera que empezamos a recuperar derechos para nuestra sociedad&#8221;, afirm\u00f3.<\/p>\n\n\n\n<p>&#8220;Va a ser una etapa de mucha crueldad, de mucho acompa\u00f1amiento en silencio. Ac\u00e1 siempre decimos que se cometen errores por acci\u00f3n y omisi\u00f3n&#8221;, ponder\u00f3, y complet\u00f3: &#8220;<strong>Gracias a Dios muchos dirigentes entendieron y pareciera que est\u00e1 empezando a despertar la dirigencia nacional&#8221;.<\/strong><\/p>\n\n\n\n<p>Por \u00faltimo, el mandatario peronista sostuvo que trabaja para enfrentar las pol\u00edticas de ajuste de la administraci\u00f3n libertaria, y convertirse en alternativa.<strong>\u00a0&#8220;Estamos torciendo el camino. Tenemos que profundizar, dejar de lado las cuestiones metodol\u00f3gicas, y entender que la \u00fanica ideolog\u00eda que puede gobernar la Argentina es con la gente adentro&#8221;<\/strong>, concluy\u00f3.\u00a0<\/p>\n\n\n\n<p><strong>Fuente: www.eldiariodelapampa.com.ar<\/strong><\/p>\n","protected":false},"excerpt":{"rendered":"<p>El gobernador de La Pampa,&nbsp;Sergio Ziliotto, descart\u00f3 que el peronismo busque el estallido de una crisis social y econ\u00f3mica en el pa\u00eds, y celebr\u00f3 el rechazo de la C\u00e1mara de Senadores al veto contra la Emergencia en Discapacidad. &#8220;No queremos otro 2001-2002, porque no s\u00e9 si las provincias y los municipios van a tener capacidad [&hellip;]<\/p>\n","protected":false},"author":5,"featured_media":7535,"comment_status":"open","ping_status":"open","sticky":false,"template":"","format":"standard","meta":[],"categories":[10],"tags":[],"_links":{"self":[{"href":"https:\/\/politicapatagonica.com\/index.php\/wp-json\/wp\/v2\/posts\/7534"}],"collection":[{"href":"https:\/\/politicapatagonica.com\/index.php\/wp-json\/wp\/v2\/posts"}],"about":[{"href":"https:\/\/politicapatagonica.com\/index.php\/wp-json\/wp\/v2\/types\/post"}],"author":[{"embeddable":true,"href":"https:\/\/politicapatagonica.com\/index.php\/wp-json\/wp\/v2\/users\/5"}],"replies":[{"embeddable":true,"href":"https:\/\/politicapatagonica.com\/index.php\/wp-json\/wp\/v2\/comments?post=7534"}],"version-history":[{"count":1,"href":"https:\/\/politicapatagonica.com\/index.php\/wp-json\/wp\/v2\/posts\/7534\/revisions"}],"predecessor-version":[{"id":7536,"href":"https:\/\/politicapatagonica.com\/index.php\/wp-json\/wp\/v2\/posts\/7534\/revisions\/7536"}],"wp:featuredmedia":[{"embeddable":true,"href":"https:\/\/politicapatagonica.com\/index.php\/wp-json\/wp\/v2\/media\/7535"}],"wp:attachment":[{"href":"https:\/\/politicapatagonica.com\/index.php\/wp-json\/wp\/v2\/media?parent=7534"}],"wp:term":[{"taxonomy":"category","embeddable":true,"href":"https:\/\/politicapatagonica.com\/index.php\/wp-json\/wp\/v2\/categories?post=7534"},{"taxonomy":"post_tag","embeddable":true,"href":"https:\/\/politicapatagonica.com\/index.php\/wp-json\/wp\/v2\/tags?post=7534"}],"curies":[{"name":"wp","href":"https:\/\/api.w.org\/{rel}","templated":true}]}}