{"id":7531,"date":"2025-09-05T21:41:05","date_gmt":"2025-09-05T21:41:05","guid":{"rendered":"https:\/\/politicapatagonica.com\/?p=7531"},"modified":"2025-09-05T21:41:06","modified_gmt":"2025-09-05T21:41:06","slug":"weretilneck-reconocio-que-los-salarios-basicos-son-bajos-en-la-provincia-manta-corta","status":"publish","type":"post","link":"https:\/\/politicapatagonica.com\/index.php\/2025\/09\/05\/weretilneck-reconocio-que-los-salarios-basicos-son-bajos-en-la-provincia-manta-corta\/","title":{"rendered":"Weretilneck reconoci\u00f3 que los salarios b\u00e1sicos son bajos en la provincia: \u201cManta corta\u201d"},"content":{"rendered":"\n<p>El gobernador\u00a0<strong>Alberto Weretilneck<\/strong>\u00a0dijo que el lunes\u00a0<strong>llevar\u00e1n a la\u00a0paritaria\u00a0con los gremios estatales<\/strong>\u00a0una\u00a0<strong>propuesta<\/strong>\u00a0de recomposici\u00f3n de salarios<strong>\u00a0\u201csolo para este mes\u201d<\/strong>\u00a0y a\u00a0<strong>mediados de septiembre convocar\u00e1n de nuevo para buscar un acuerdo hasta fin de a\u00f1o.<\/strong><\/p>\n\n\n\n<p>No adelant\u00f3 qu\u00e9 n\u00famero llevar\u00e1n a la mesa de negociaci\u00f3n. Dijo que<strong>\u00a0lo definir\u00e1n \u201cdurante el fin de semana\u201d\u00a0<\/strong>y adelant\u00f3 que\u00a0<strong>ser\u00e1 \u201cuna suma fija\u201d<\/strong>. La definici\u00f3n de Weretilneck<strong>\u00a0suma m\u00e1s argumentos<\/strong>\u00a0aun al\u00a0<strong>airado reproche que difundi\u00f3 UPCN sobre la degradaci\u00f3n que atraviesan los salarios p\u00fablicos en R\u00edo Negro por el otorgamiento de adicionales \u201cen negro\u201d.<\/strong><\/p>\n\n\n\n<p><strong>El gobernador admiti\u00f3 que los sueldos b\u00e1sicos de los trabajadores provinciales quedaron postergados pero lo atribuy\u00f3 al \u201ccontexto inflacionario\u201d <\/strong>y dijo que la prioridad que se dio su gobierno fue llevar \u201cm\u00e1s dinero al bolsillo del trabajador\u201d. Dijo que ser\u00eda menor esa mejora nominal si todos los incrementos fueran remunerativos. \u201cEs el tema de la manta corta\u201d, argument\u00f3.<\/p>\n\n\n\n<p>Weretilneck dijo que los docentes ya tienen salario acordado para septiembre y que&nbsp;<strong>el gobierno ir\u00e1 a la paritaria con Unter a escuchar y discutir planteos del gremio,<\/strong>&nbsp;pero sin la urgencia de acordar un aumento en lo inmediato.<\/p>\n\n\n\n<p>En cambio s<strong>\u00ed tienen premura para actualizar los haberes de los agentes de salud, el resto de la administraci\u00f3n p\u00fablica y los polic\u00edas<\/strong>, a quienes les propondr\u00e1n\u00a0<strong>una suba para septiembre,\u00a0<\/strong>con la idea de volver a reunirse \u201cen 15 d\u00edas\u201d en la b\u00fasqueda de una pauta m\u00e1s extendida, para el per\u00edodo octubre\/diciembre.<\/p>\n\n\n\n<p>Weretilneck acept\u00f3 que<strong>&nbsp;\u201csin dudas\u201d las elecciones son un condicionante<\/strong>, \u201ccomo ocurre siempre. Y no solo la eleccion de diputados y senadores\u201d sino&nbsp;<strong>la renovaci\u00f3n de autoridades en el gremio Unter<\/strong>.<\/p>\n\n\n\n<p>Una vez m\u00e1s dijo que como gobierno est\u00e1n \u201cabiertos a escuchar\u201d y a garantizar que los salarios de bolsillo no se retrasen respecto de la inflaci\u00f3n, pero asegur\u00f3 qu<strong>e \u201cel mayor limitante es la p\u00e9rdida de recaudaci\u00f3n, nacional y provincial\u201d<\/strong>\u00a0y la relacion\u00f3 con \u201cla crisis econ\u00f3mica y la ca\u00edda del consumo\u201d.<\/p>\n\n\n\n<p><strong>Fuente: www.rionegro.com.ar<\/strong><\/p>\n","protected":false},"excerpt":{"rendered":"<p>El gobernador\u00a0Alberto Weretilneck\u00a0dijo que el lunes\u00a0llevar\u00e1n a la\u00a0paritaria\u00a0con los gremios estatales\u00a0una\u00a0propuesta\u00a0de recomposici\u00f3n de salarios\u00a0\u201csolo para este mes\u201d\u00a0y a\u00a0mediados de septiembre convocar\u00e1n de nuevo para buscar un acuerdo hasta fin de a\u00f1o. No adelant\u00f3 qu\u00e9 n\u00famero llevar\u00e1n a la mesa de negociaci\u00f3n. Dijo que\u00a0lo definir\u00e1n \u201cdurante el fin de semana\u201d\u00a0y adelant\u00f3 que\u00a0ser\u00e1 \u201cuna suma fija\u201d. La [&hellip;]<\/p>\n","protected":false},"author":5,"featured_media":7532,"comment_status":"open","ping_status":"open","sticky":false,"template":"","format":"standard","meta":[],"categories":[13],"tags":[],"_links":{"self":[{"href":"https:\/\/politicapatagonica.com\/index.php\/wp-json\/wp\/v2\/posts\/7531"}],"collection":[{"href":"https:\/\/politicapatagonica.com\/index.php\/wp-json\/wp\/v2\/posts"}],"about":[{"href":"https:\/\/politicapatagonica.com\/index.php\/wp-json\/wp\/v2\/types\/post"}],"author":[{"embeddable":true,"href":"https:\/\/politicapatagonica.com\/index.php\/wp-json\/wp\/v2\/users\/5"}],"replies":[{"embeddable":true,"href":"https:\/\/politicapatagonica.com\/index.php\/wp-json\/wp\/v2\/comments?post=7531"}],"version-history":[{"count":1,"href":"https:\/\/politicapatagonica.com\/index.php\/wp-json\/wp\/v2\/posts\/7531\/revisions"}],"predecessor-version":[{"id":7533,"href":"https:\/\/politicapatagonica.com\/index.php\/wp-json\/wp\/v2\/posts\/7531\/revisions\/7533"}],"wp:featuredmedia":[{"embeddable":true,"href":"https:\/\/politicapatagonica.com\/index.php\/wp-json\/wp\/v2\/media\/7532"}],"wp:attachment":[{"href":"https:\/\/politicapatagonica.com\/index.php\/wp-json\/wp\/v2\/media?parent=7531"}],"wp:term":[{"taxonomy":"category","embeddable":true,"href":"https:\/\/politicapatagonica.com\/index.php\/wp-json\/wp\/v2\/categories?post=7531"},{"taxonomy":"post_tag","embeddable":true,"href":"https:\/\/politicapatagonica.com\/index.php\/wp-json\/wp\/v2\/tags?post=7531"}],"curies":[{"name":"wp","href":"https:\/\/api.w.org\/{rel}","templated":true}]}}