{"id":7527,"date":"2025-09-05T21:02:42","date_gmt":"2025-09-05T21:02:42","guid":{"rendered":"https:\/\/politicapatagonica.com\/?p=7527"},"modified":"2025-09-05T21:02:43","modified_gmt":"2025-09-05T21:02:43","slug":"el-gobernador-figueroa-fomenta-mas-planes-de-infraestructura-para-alto-neuquen","status":"publish","type":"post","link":"https:\/\/politicapatagonica.com\/index.php\/2025\/09\/05\/el-gobernador-figueroa-fomenta-mas-planes-de-infraestructura-para-alto-neuquen\/","title":{"rendered":"El gobernador Figueroa fomenta m\u00e1s planes de infraestructura para Alto Neuqu\u00e9n"},"content":{"rendered":"\n<p>El gobernador\u00a0<strong>Rolando Figueroa<\/strong>, firm\u00f3 este viernes varios convenios para desarrollar obras en\u00a0Chos Malal, Taquimil\u00e1n y El Cholar, Huinganco, cercana a los 900 millones de pesos.<\/p>\n\n\n\n<p>Responden al plan de Plan Provincial de Regionalizaci\u00f3n lanzado en 2024, y consolidan las inversiones p\u00fablicas que impactan en mejoras de salud, seguridad y accesibilidad, y dan continuidad al plan de gobernanza I y II, donde la asistencia provincial ayuda a dinamizar las econom\u00edas locales.<\/p>\n\n\n\n<h3>Junto a los ministros de Salud,\u00a0<strong>Martin Regueiro\u00a0<\/strong>y Econom\u00eda,\u00a0<strong>Guillermo Koenig<\/strong>, la subsecretaria de Obras Delegadas,\u00a0<strong>Tania Coletti<\/strong>\u00a0y el intendente de la localidad de Chos Malal,\u00a0<strong>Nicol\u00e1s Albarrac\u00edn<\/strong>, se firm\u00f3 un acta acuerdo para la terminaci\u00f3n del Centro de Salud Chacras de Chos Malal.<\/h3>\n\n\n\n<p><strong>La obra tiene un presupuesto de 541.448.000 pesos<\/strong>, para la construcci\u00f3n de 160 metros cuadrados cubiertos, que incluir\u00e1n cuatro consultorios, dos ba\u00f1os, \u00e1reas especiales, dep\u00f3sitos, sala de espera y personal.<\/p>\n\n\n\n<p>Tambi\u00e9n en Chos Malal -mediante otro compromiso- se avanzar\u00e1 en la&nbsp;<strong>readecuaci\u00f3n el\u00e9ctrica integral del Hogar de Ancianos Ruca Canay<\/strong>, que demandar\u00e1 cerca de 170 millones de pesos y tendr\u00e1 un plazo de 90 d\u00edas.<\/p>\n\n\n\n<h3>El gobernador suscribi\u00f3 tambi\u00e9n el acuerdo para la construcci\u00f3n de un cerco perimetral de 60 metros lineales para el CPEM 84 de Huinganco, una obra que demandar\u00e1 m\u00e1s de 104 millones y tiene un plazo de ejecuci\u00f3n de 60 d\u00edas).<\/h3>\n\n\n\n<p>Se formaliz\u00f3 el aporte para la\u00a0construcci\u00f3n\u00a0de dos ba\u00f1os en el Vivero Provincial de Taquimil\u00e1n. Se ejecutar\u00e1 mediante un convenio de obra delegada al municipio, que demandar\u00e1 m\u00e1s de 51 millones de pesos y tiene plazo de ejecuci\u00f3n de 60 d\u00edas.<\/p>\n\n\n\n<p>En otro convenio, El Cholar se ver\u00e1 beneficiado por la construcci\u00f3n de veredas accesibles en el hospital local, con un presupuesto de 27 millones de pesos y un plazo de ejecuci\u00f3n de 60 d\u00edas.<\/p>\n\n\n\n<p>De la firma junto al gobernador participaron los intendentes de Taquimil\u00e1n,&nbsp;<strong>Juan Carlos Montesino<\/strong>; El Cholar,&nbsp;<strong>Silvia Canale<\/strong>; Huinganco,&nbsp;<strong>Luis Sep\u00falveda&nbsp;<\/strong>y Chos Malal,&nbsp;<strong>Nicolas Albarrac\u00edn<\/strong>.<\/p>\n\n\n\n<h3>Las obras se suman a otras inversiones provinciales que buscan consolidar a la Regi\u00f3n Alto Neuqu\u00e9n, como mejoras en servicios de agua y energ\u00eda, construcciones de viviendas, mantenimiento vial y mayor conectividad.<\/h3>\n\n\n\n<p><strong>Fuente: www.neuquenpost.com<\/strong><\/p>\n","protected":false},"excerpt":{"rendered":"<p>El gobernador\u00a0Rolando Figueroa, firm\u00f3 este viernes varios convenios para desarrollar obras en\u00a0Chos Malal, Taquimil\u00e1n y El Cholar, Huinganco, cercana a los 900 millones de pesos. Responden al plan de Plan Provincial de Regionalizaci\u00f3n lanzado en 2024, y consolidan las inversiones p\u00fablicas que impactan en mejoras de salud, seguridad y accesibilidad, y dan continuidad al plan [&hellip;]<\/p>\n","protected":false},"author":5,"featured_media":7528,"comment_status":"open","ping_status":"open","sticky":false,"template":"","format":"standard","meta":[],"categories":[9],"tags":[],"_links":{"self":[{"href":"https:\/\/politicapatagonica.com\/index.php\/wp-json\/wp\/v2\/posts\/7527"}],"collection":[{"href":"https:\/\/politicapatagonica.com\/index.php\/wp-json\/wp\/v2\/posts"}],"about":[{"href":"https:\/\/politicapatagonica.com\/index.php\/wp-json\/wp\/v2\/types\/post"}],"author":[{"embeddable":true,"href":"https:\/\/politicapatagonica.com\/index.php\/wp-json\/wp\/v2\/users\/5"}],"replies":[{"embeddable":true,"href":"https:\/\/politicapatagonica.com\/index.php\/wp-json\/wp\/v2\/comments?post=7527"}],"version-history":[{"count":1,"href":"https:\/\/politicapatagonica.com\/index.php\/wp-json\/wp\/v2\/posts\/7527\/revisions"}],"predecessor-version":[{"id":7529,"href":"https:\/\/politicapatagonica.com\/index.php\/wp-json\/wp\/v2\/posts\/7527\/revisions\/7529"}],"wp:featuredmedia":[{"embeddable":true,"href":"https:\/\/politicapatagonica.com\/index.php\/wp-json\/wp\/v2\/media\/7528"}],"wp:attachment":[{"href":"https:\/\/politicapatagonica.com\/index.php\/wp-json\/wp\/v2\/media?parent=7527"}],"wp:term":[{"taxonomy":"category","embeddable":true,"href":"https:\/\/politicapatagonica.com\/index.php\/wp-json\/wp\/v2\/categories?post=7527"},{"taxonomy":"post_tag","embeddable":true,"href":"https:\/\/politicapatagonica.com\/index.php\/wp-json\/wp\/v2\/tags?post=7527"}],"curies":[{"name":"wp","href":"https:\/\/api.w.org\/{rel}","templated":true}]}}