{"id":7518,"date":"2025-09-04T17:35:59","date_gmt":"2025-09-04T17:35:59","guid":{"rendered":"https:\/\/politicapatagonica.com\/?p=7518"},"modified":"2025-09-05T17:04:26","modified_gmt":"2025-09-05T17:04:26","slug":"torres-remarco-que-chubut-va-adaptando-su-oferta-academica-en-funcion-de-las-dinamicas-del-mercado","status":"publish","type":"post","link":"https:\/\/politicapatagonica.com\/index.php\/2025\/09\/04\/torres-remarco-que-chubut-va-adaptando-su-oferta-academica-en-funcion-de-las-dinamicas-del-mercado\/","title":{"rendered":"Torres remarc\u00f3 que Chubut va adaptando su oferta acad\u00e9mica en funci\u00f3n de las din\u00e1micas del mercado"},"content":{"rendered":"\n<p><strong>Con la participaci\u00f3n de m\u00e1s de 20 instituciones acad\u00e9micas y de formaci\u00f3n profesional, qued\u00f3 inaugurada este jueves la Expo Educativa 2025 en el Gimnasio Municipal N.\u00b0 1 de Trelew.&nbsp;El acto de apertura comenz\u00f3 alrededor de las 12\u202fhs y fue encabezado por el intendente Gerardo Merino, junto al gobernador de Chubut, Ignacio Torres.<\/strong><\/p>\n\n\n\n<p>Tambi\u00e9n estuvieron presentes la diputada nacional Ana Clara Romero, la ministra de Desarrollo Humano Florencia Papaiani, el ministro de Educaci\u00f3n Jos\u00e9 Luis Punta y la presidenta del Concejo Deliberante de Trelew, Claudia Monaj\u00ed, entre otras autoridades.<\/p>\n\n\n\n<p><strong>Durante su intervenci\u00f3n, el gobernador Ignacio Torres destac\u00f3 la relevancia de la propuesta y el rol de la educaci\u00f3n frente a los cambios del mercado laboral.<\/strong><\/p>\n\n\n\n<p><strong>\u201cNo quer\u00eda perderme la oportunidad de estar presente porque estos encuentros son importantes. Tener la oportunidad de ver toda la oferta acad\u00e9mica que hay en un mundo cada vez m\u00e1s competitivo, cada vez m\u00e1s din\u00e1mico, es muy importante\u201d, se\u00f1al\u00f3.<\/strong><\/p>\n\n\n\n<p>Torres remarc\u00f3 la necesidad de incorporar nuevas herramientas de formaci\u00f3n<strong>: \u201cEn un mundo tan din\u00e1mico la oferta y la demanda laboral va cambiando, por esto tomamos la decisi\u00f3n de incorporar nuevas tecnolog\u00edas, y fomentar el conocimiento en materia financiera, de programaci\u00f3n, de inteligencia artificial, rob\u00f3tica\u201d.<\/strong><\/p>\n\n\n\n<p>Torres concluy\u00f3 con un mensaje a los estudiantes: \u201cQuiero recomendarles que elijan a conciencia, no lo que les quieran imponer, sino lo que sientan que quieran hacer, lo que es su vocaci\u00f3n\u201d.<\/p>\n\n\n\n<p>El intendente de Trelew, Gerardo Merino, agradeci\u00f3 la presencia de las autoridades provinciales y municipales, y subray\u00f3 la importancia de la Expo Educativa para la ciudad.<\/p>\n\n\n\n<p><strong>\u201cAc\u00e1 van a tener la mayor parte de toda la oferta estudiantil. Desde Trelew tenemos un compromiso en construir un futuro mejor. <\/strong>Transformar no es solo pensar en obras de infraestructura, es transformar j\u00f3venes y generar nuevas oportunidades\u201d, afirm\u00f3. &#8220;Abrimos puertas para despertar sue\u00f1os y abrir caminos&#8221; y los inst\u00f3 a &#8220;estudiar, progresar y superarse&#8221;.<\/p>\n\n\n\n<p>Por su parte, la coordinadora de Educaci\u00f3n de Trelew, Mar\u00eda Emilia Damadio, puso en valor la participaci\u00f3n de j\u00f3venes de toda la regi\u00f3n.<\/p>\n\n\n\n<p>\u201cHoy recibimos con mucho entusiasmo no solo a j\u00f3venes de la ciudad, al igual que el a\u00f1o pasado nos acompa\u00f1an estudiantes del Valle y tambi\u00e9n de la Meseta. El objetivo de esta Expo es poder acercarles a nuestros j\u00f3venes toda la oferta acad\u00e9mica que tenemos, no solo en la ciudad sino tambi\u00e9n en la regi\u00f3n, y que sepan que ac\u00e1 en su tierra hay oportunidades de formarse, capacitarse y desarrollarse. Elegir quedarse es apostar a nuestra comunidad\u201d.<\/p>\n\n\n\n<p>Durante el acto, se interpret\u00f3 el Himno Nacional Argentino con lengua de se\u00f1as y&nbsp;tambi\u00e9n el Himno de Chubut. Despu\u00e9s de los discursos, los j\u00f3venes entrevistaron al gobernador, al intendente de la localidad y a la diputada nacional&nbsp;Ana Clara Romero.<\/p>\n\n\n\n<p><strong>La Expo Educativa 2025 re\u00fane a instituciones de nivel universitario, terciario y de formaci\u00f3n profesional. La propuesta busca acompa\u00f1ar a quienes finalizan la secundaria y a los adultos que desean continuar su formaci\u00f3n, orient\u00e1ndolos en la construcci\u00f3n de un futuro acad\u00e9mico y laboral con oportunidades en la propia regi\u00f3n.<\/strong><\/p>\n\n\n\n<p><strong>Fuente: www.elchubut.com.ar<\/strong><\/p>\n","protected":false},"excerpt":{"rendered":"<p>Con la participaci\u00f3n de m\u00e1s de 20 instituciones acad\u00e9micas y de formaci\u00f3n profesional, qued\u00f3 inaugurada este jueves la Expo Educativa 2025 en el Gimnasio Municipal N.\u00b0 1 de Trelew.&nbsp;El acto de apertura comenz\u00f3 alrededor de las 12\u202fhs y fue encabezado por el intendente Gerardo Merino, junto al gobernador de Chubut, Ignacio Torres. Tambi\u00e9n estuvieron presentes [&hellip;]<\/p>\n","protected":false},"author":5,"featured_media":7519,"comment_status":"open","ping_status":"open","sticky":false,"template":"","format":"standard","meta":[],"categories":[14],"tags":[],"_links":{"self":[{"href":"https:\/\/politicapatagonica.com\/index.php\/wp-json\/wp\/v2\/posts\/7518"}],"collection":[{"href":"https:\/\/politicapatagonica.com\/index.php\/wp-json\/wp\/v2\/posts"}],"about":[{"href":"https:\/\/politicapatagonica.com\/index.php\/wp-json\/wp\/v2\/types\/post"}],"author":[{"embeddable":true,"href":"https:\/\/politicapatagonica.com\/index.php\/wp-json\/wp\/v2\/users\/5"}],"replies":[{"embeddable":true,"href":"https:\/\/politicapatagonica.com\/index.php\/wp-json\/wp\/v2\/comments?post=7518"}],"version-history":[{"count":2,"href":"https:\/\/politicapatagonica.com\/index.php\/wp-json\/wp\/v2\/posts\/7518\/revisions"}],"predecessor-version":[{"id":7526,"href":"https:\/\/politicapatagonica.com\/index.php\/wp-json\/wp\/v2\/posts\/7518\/revisions\/7526"}],"wp:featuredmedia":[{"embeddable":true,"href":"https:\/\/politicapatagonica.com\/index.php\/wp-json\/wp\/v2\/media\/7519"}],"wp:attachment":[{"href":"https:\/\/politicapatagonica.com\/index.php\/wp-json\/wp\/v2\/media?parent=7518"}],"wp:term":[{"taxonomy":"category","embeddable":true,"href":"https:\/\/politicapatagonica.com\/index.php\/wp-json\/wp\/v2\/categories?post=7518"},{"taxonomy":"post_tag","embeddable":true,"href":"https:\/\/politicapatagonica.com\/index.php\/wp-json\/wp\/v2\/tags?post=7518"}],"curies":[{"name":"wp","href":"https:\/\/api.w.org\/{rel}","templated":true}]}}