{"id":7515,"date":"2025-09-04T17:30:13","date_gmt":"2025-09-04T17:30:13","guid":{"rendered":"https:\/\/politicapatagonica.com\/?p=7515"},"modified":"2025-09-05T17:02:12","modified_gmt":"2025-09-05T17:02:12","slug":"santa-cruz-adhirio-al-decreto-nacional-que-reconoce-personeria-juridica-a-iglesias-no-catolicas","status":"publish","type":"post","link":"https:\/\/politicapatagonica.com\/index.php\/2025\/09\/04\/santa-cruz-adhirio-al-decreto-nacional-que-reconoce-personeria-juridica-a-iglesias-no-catolicas\/","title":{"rendered":"Santa Cruz adhiri\u00f3 al decreto nacional que reconoce personer\u00eda jur\u00eddica a iglesias no cat\u00f3licas"},"content":{"rendered":"\n<p>El Gobierno de la provincia de&nbsp;<strong>Santa Cruz<\/strong>, encabezado por el gobernador&nbsp;<strong>Claudio Vidal<\/strong>, firm\u00f3 este jueves 4 de septiembre la adhesi\u00f3n al&nbsp;<strong>Decreto Nacional N\u00b0 486\/2025<\/strong>, que otorga&nbsp;<strong>personer\u00eda jur\u00eddica a las iglesias no cat\u00f3licas<\/strong>&nbsp;como entidades religiosas.<\/p>\n\n\n\n<p>El acto se desarroll\u00f3 en el auditorio de la&nbsp;<strong>Iglesia Movimiento Misionero Cristiano de R\u00edo Gallegos<\/strong>&nbsp;y cont\u00f3 con la presencia de&nbsp;<strong>Christian Hoft<\/strong>, presidente de la&nbsp;<strong>Alianza Cristiana de Iglesias Evang\u00e9licas de la Rep\u00fablica Argentina (ACIERA)<\/strong>, junto al pastor&nbsp;<strong>Cristian Hoff<\/strong>.<\/p>\n\n\n\n<p>La adhesi\u00f3n provincial al decreto nacional busca&nbsp;<strong>reconocer legalmente a todas las comunidades religiosas no cat\u00f3licas<\/strong>, <strong>permiti\u00e9ndoles contar con personer\u00eda jur\u00eddica propia, sin necesidad de constituirse como asociaciones civiles o fundaciones.<\/strong><\/p>\n\n\n\n<p>En su discurso, <strong>Vidal destac\u00f3 la importancia del paso institucional<\/strong> que representa el decreto: \u201c\u00bfQu\u00e9 tiene de malo un decreto que permite ordenar para poder crecer? Tener la posibilidad de contar con personer\u00eda jur\u00eddica significa trabajar con herramientas claras y de manera prolija\u201d, afirm\u00f3.<\/p>\n\n\n\n<p>En un tono personal,&nbsp;<strong>Vidal<\/strong>&nbsp;comparti\u00f3 experiencias vinculadas a su fe y a la influencia de su madre, a quien defini\u00f3 como \u201cluchadora y jefa de hogar\u201d:&nbsp;\u201cMi madre me ense\u00f1\u00f3 a creer en Dios por sobre todas las cosas. Cada vez que enfrento una situaci\u00f3n dif\u00edcil pienso en los consejos que me dio. <strong>Nada es imposible si creemos en Dios y trabajamos en conjunto\u201d<\/strong>, expres\u00f3.<\/p>\n\n\n\n<p>Asimismo, se refiri\u00f3 a los desaf\u00edos actuales que atraviesa el pa\u00eds: \u201cVivimos momentos dif\u00edciles. La situaci\u00f3n econ\u00f3mica, estructural y social es compleja. Aparecen conflictos y divisiones en la sociedad y en la pol\u00edtica. Tambi\u00e9n vemos c\u00f3mo avanzan las adicciones, el alcohol, las drogas y el maltrato hacia los m\u00e1s vulnerables. Frente a eso,<strong> las iglesias cumplen un rol fundamental que muchas veces supera al de los propios gobiernos\u201d.<\/strong><\/p>\n\n\n\n<p><strong>El gobernador remarc\u00f3 la necesidad de fortalecer los lazos comunitarios y pidi\u00f3 que \u201coren por esta provincia y por nuestro pa\u00eds, que nos den fortaleza y sabidur\u00eda<\/strong>. Que podamos vivir sin tanto odio, que haya m\u00e1s trabajo y que cada familia pueda criar a sus hijos con fe y esperanza\u201d.<\/p>\n\n\n\n<h3><strong>Reconocimiento al trabajo religioso<\/strong><\/h3>\n\n\n\n<p><strong>Vidal<\/strong>&nbsp;puso en<strong> valor la tarea social que desarrollan tanto las iglesias cat\u00f3licas como evang\u00e9licas en todo el pa\u00eds<\/strong>. \u201cA lo largo de Argentina vemos que hay m\u00e1s trabajo social desde las iglesias que desde los mismos gobiernos. Eso hay que reconocerlo\u201d, apunt\u00f3.<\/p>\n\n\n\n<p><strong>M\u00f3nica Pereyra<\/strong>, secretaria de Estado de Culto de Santa Cruz, explic\u00f3:<\/p>\n\n\n\n<p>\u201cEste decreto le permite a todas las entidades religiosas no cat\u00f3licas contar con la personer\u00eda jur\u00eddica como tales. El objetivo es visibilizar el trabajo de las comunidades de fe y su aporte en un contexto social complejo\u201d.<\/p>\n\n\n\n<p>Pereyra destac\u00f3 que las iglesias cumplen un rol social fundamental en problem\u00e1ticas como&nbsp;<strong>adicciones, violencia de g\u00e9nero, violencia intrafamiliar y prevenci\u00f3n del suicidio<\/strong>, acompa\u00f1ando a las familias santacruce\u00f1as en momentos de crisis.<\/p>\n\n\n\n<p>La Secretar\u00eda de Culto, creada en 2024, busca consolidar el v\u00ednculo entre el Estado y las diferentes expresiones religiosas. \u201cNuestro prop\u00f3sito es darle al ciudadano la oportunidad de conocer las actividades de acuerdo a su fe y poner en relieve el trabajo comunitario que ya vienen desarrollando\u201d, agreg\u00f3 Pereyra.<\/p>\n\n\n\n<p>El acto cont\u00f3 con la participaci\u00f3n de&nbsp;<strong>Cristian Hoff<\/strong>, referente clave en la elaboraci\u00f3n del decreto a nivel nacional y actual presidente de ACIERA. <strong>\u201cEl pastor Hoff fue convocado para dialogar con las distintas entidades religiosas y explicar los beneficios de esta medida, que representa un logro hist\u00f3rico para las iglesias no cat\u00f3licas\u201d, concluy\u00f3 Pereyra.<\/strong><\/p>\n\n\n\n<p>Con esta adhesi\u00f3n, Santa Cruz se convierte en una de las primeras provincias en formalizar el reconocimiento legal a las&nbsp;<strong>iglesias evang\u00e9licas y dem\u00e1s comunidades religiosas no cat\u00f3licas<\/strong>, fortaleciendo la diversidad y el pluralismo de culto en la regi\u00f3n.<\/p>\n\n\n\n<p><strong>Fuente: laopinionaustral.com.ar<\/strong><\/p>\n","protected":false},"excerpt":{"rendered":"<p>El Gobierno de la provincia de&nbsp;Santa Cruz, encabezado por el gobernador&nbsp;Claudio Vidal, firm\u00f3 este jueves 4 de septiembre la adhesi\u00f3n al&nbsp;Decreto Nacional N\u00b0 486\/2025, que otorga&nbsp;personer\u00eda jur\u00eddica a las iglesias no cat\u00f3licas&nbsp;como entidades religiosas. El acto se desarroll\u00f3 en el auditorio de la&nbsp;Iglesia Movimiento Misionero Cristiano de R\u00edo Gallegos&nbsp;y cont\u00f3 con la presencia de&nbsp;Christian Hoft, [&hellip;]<\/p>\n","protected":false},"author":5,"featured_media":7516,"comment_status":"open","ping_status":"open","sticky":false,"template":"","format":"standard","meta":[],"categories":[8],"tags":[],"_links":{"self":[{"href":"https:\/\/politicapatagonica.com\/index.php\/wp-json\/wp\/v2\/posts\/7515"}],"collection":[{"href":"https:\/\/politicapatagonica.com\/index.php\/wp-json\/wp\/v2\/posts"}],"about":[{"href":"https:\/\/politicapatagonica.com\/index.php\/wp-json\/wp\/v2\/types\/post"}],"author":[{"embeddable":true,"href":"https:\/\/politicapatagonica.com\/index.php\/wp-json\/wp\/v2\/users\/5"}],"replies":[{"embeddable":true,"href":"https:\/\/politicapatagonica.com\/index.php\/wp-json\/wp\/v2\/comments?post=7515"}],"version-history":[{"count":2,"href":"https:\/\/politicapatagonica.com\/index.php\/wp-json\/wp\/v2\/posts\/7515\/revisions"}],"predecessor-version":[{"id":7525,"href":"https:\/\/politicapatagonica.com\/index.php\/wp-json\/wp\/v2\/posts\/7515\/revisions\/7525"}],"wp:featuredmedia":[{"embeddable":true,"href":"https:\/\/politicapatagonica.com\/index.php\/wp-json\/wp\/v2\/media\/7516"}],"wp:attachment":[{"href":"https:\/\/politicapatagonica.com\/index.php\/wp-json\/wp\/v2\/media?parent=7515"}],"wp:term":[{"taxonomy":"category","embeddable":true,"href":"https:\/\/politicapatagonica.com\/index.php\/wp-json\/wp\/v2\/categories?post=7515"},{"taxonomy":"post_tag","embeddable":true,"href":"https:\/\/politicapatagonica.com\/index.php\/wp-json\/wp\/v2\/tags?post=7515"}],"curies":[{"name":"wp","href":"https:\/\/api.w.org\/{rel}","templated":true}]}}