{"id":7508,"date":"2025-09-03T22:26:49","date_gmt":"2025-09-03T22:26:49","guid":{"rendered":"https:\/\/politicapatagonica.com\/?p=7508"},"modified":"2025-09-03T22:26:50","modified_gmt":"2025-09-03T22:26:50","slug":"alberto-weretilneck-celebro-que-la-justicia-intervenga-por-la-ruta-151-y-critico-la-desidia-de-nacion","status":"publish","type":"post","link":"https:\/\/politicapatagonica.com\/index.php\/2025\/09\/03\/alberto-weretilneck-celebro-que-la-justicia-intervenga-por-la-ruta-151-y-critico-la-desidia-de-nacion\/","title":{"rendered":"Alberto Weretilneck celebr\u00f3 que la Justicia intervenga por la Ruta 151 y critic\u00f3 la &#8220;desidia&#8221; de Naci\u00f3n"},"content":{"rendered":"\n<p><strong>El grave deterioro de la\u00a0Ruta Nacional 151\u00a0logr\u00f3 finalmente el aval de la Justicia Federal <\/strong>para ser investigado. El juez Hugo Greca declar\u00f3\u00a0<strong>admisible el amparo colectivo<\/strong>\u00a0presentado por el gobernador Alberto Weretilneck junto a intendentes y c\u00e1maras empresariales, y orden\u00f3 que se realice un relevamiento t\u00e9cnico sobre los tramos m\u00e1s cr\u00edticos de la traza. &#8220;<strong>No vamos a permitir que la desidia nacional siga poniendo en riesgo vidas humanas<\/strong>&#8220;, expres\u00f3 el mandatario.<\/p>\n\n\n\n<h2>La Justicia revisar\u00e1 los tramos m\u00e1s cr\u00edticos de la ruta 151<\/h2>\n\n\n\n<p>El fallo no resolvi\u00f3 todav\u00eda la cuesti\u00f3n de fondo, pero abri\u00f3 la v\u00eda judicial para que se analicen las pruebas presentadas. El magistrado consider\u00f3 que el \u201c<strong>presunto alto estado de deterioro de la ruta nacional 151 no ser\u00edan en absoluto hipot\u00e9ticos o meramente especulativos\u201d.<\/strong><\/p>\n\n\n\n<p>Al respecto, Weretilneck remarc\u00f3 en sus redes sociales: &#8220;Es un paso clave: la Justicia va a revisar los tramos m\u00e1s cr\u00edticos, hacer un reconocimiento en la ruta y exigir pericias t\u00e9cnicas que confirmen lo que ya sabemos.<strong>\u00a0Naci\u00f3n reconoci\u00f3 que en dos a\u00f1os no ejecut\u00f3 obras sustanciales<\/strong>\u00a0y que lo poco que hizo es insuficiente&#8221;.<\/p>\n\n\n\n<h2>Weretilneck advirti\u00f3 que la desidia pone en riesgo vidas humanas<\/h2>\n\n\n\n<p>En su declaraci\u00f3n p\u00fablica, el gobernador advirti\u00f3: \u201cR\u00edo Negro no pide privilegios, exige lo que corresponde:\u00a0<strong>rutas seguras, inversi\u00f3n y respeto por nuestra gente\u201d.<\/strong><\/p>\n\n\n\n<p><strong>El amparo fue acompa\u00f1ado por intendentes de Cipolletti, Catriel, Cinco Saltos, Contralmirante Cordero y Campo Grande, adem\u00e1s de c\u00e1maras empresariales de la regi\u00f3n vinculadas a la industria y los servicios.<\/strong><\/p>\n\n\n\n<p>Seg\u00fan el planteo presentado, la falta de mantenimiento&nbsp;<strong>afecta la vida cotidiana, la salud y la seguridad de las miles de personas<\/strong>. Tambi\u00e9n se advirti\u00f3 sobre el impacto negativo en la econom\u00eda regional.<\/p>\n\n\n\n<p>Las medidas cautelares solicitadas incluyen se\u00f1alizaci\u00f3n inmediata, bacheo provisorio y campa\u00f1as informativas, adem\u00e1s de un plan de obras con presupuesto definido y reportes peri\u00f3dicos sobre los avances.<\/p>\n\n\n\n<h2>Un fallo que habilita el amparo colectivo por seguridad vial<\/h2>\n\n\n\n<p>El juez Greca cit\u00f3 a la Corte Suprema y remarc\u00f3:\u00a0<strong>&#8220;Siempre que se amerite el da\u00f1o grave e irreparable que se causar\u00eda\u00a0<\/strong>remitiendo el examen de la cuesti\u00f3n a los procedimientos ordinarios, deben los jueces habilitar las v\u00edas del amparo a que la existencia de otras alternativas procesales que puedan obstar a su procedencia no debe formularse en abstracto sino que depende en cada caso de la situaci\u00f3n concreta a examinar\u201d.Adem\u00e1s sostuvo que los demandantes <strong>\u201chan explicado acabadamente la lesi\u00f3n de escala social que ser\u00eda causada por el estado del camino, y la supuesta omisi\u00f3n de la autoridad de aplicaci\u00f3n competente en orden a remediar esa situaci\u00f3n lesiva\u201d.<\/strong><\/p>\n\n\n\n<p>Greca subray\u00f3 que<strong>&nbsp;la falta de obras se atribuye tanto a Vialidad Nacional<\/strong>&nbsp;como al Estado Nacional, en el marco del manejo del fideicomiso de infraestructura vial.<\/p>\n\n\n\n<p>Finalmente, concluy\u00f3 que si \u201cel estado de deterioro de ella ser\u00eda considerable,<strong>\u00a0tambi\u00e9n es manifiesto el factor de inseguridad vial,<\/strong>\u00a0generador potencial de da\u00f1os irreversibles, que d\u00eda a d\u00eda esa omisi\u00f3n habilitar\u00eda en una escala social propia de este amparo colectivo\u201d.<\/p>\n\n\n\n<p><strong>Fuente: www.rionegro.com.ar<\/strong><\/p>\n","protected":false},"excerpt":{"rendered":"<p>El grave deterioro de la\u00a0Ruta Nacional 151\u00a0logr\u00f3 finalmente el aval de la Justicia Federal para ser investigado. El juez Hugo Greca declar\u00f3\u00a0admisible el amparo colectivo\u00a0presentado por el gobernador Alberto Weretilneck junto a intendentes y c\u00e1maras empresariales, y orden\u00f3 que se realice un relevamiento t\u00e9cnico sobre los tramos m\u00e1s cr\u00edticos de la traza. &#8220;No vamos a [&hellip;]<\/p>\n","protected":false},"author":5,"featured_media":7509,"comment_status":"open","ping_status":"open","sticky":false,"template":"","format":"standard","meta":[],"categories":[13],"tags":[],"_links":{"self":[{"href":"https:\/\/politicapatagonica.com\/index.php\/wp-json\/wp\/v2\/posts\/7508"}],"collection":[{"href":"https:\/\/politicapatagonica.com\/index.php\/wp-json\/wp\/v2\/posts"}],"about":[{"href":"https:\/\/politicapatagonica.com\/index.php\/wp-json\/wp\/v2\/types\/post"}],"author":[{"embeddable":true,"href":"https:\/\/politicapatagonica.com\/index.php\/wp-json\/wp\/v2\/users\/5"}],"replies":[{"embeddable":true,"href":"https:\/\/politicapatagonica.com\/index.php\/wp-json\/wp\/v2\/comments?post=7508"}],"version-history":[{"count":1,"href":"https:\/\/politicapatagonica.com\/index.php\/wp-json\/wp\/v2\/posts\/7508\/revisions"}],"predecessor-version":[{"id":7510,"href":"https:\/\/politicapatagonica.com\/index.php\/wp-json\/wp\/v2\/posts\/7508\/revisions\/7510"}],"wp:featuredmedia":[{"embeddable":true,"href":"https:\/\/politicapatagonica.com\/index.php\/wp-json\/wp\/v2\/media\/7509"}],"wp:attachment":[{"href":"https:\/\/politicapatagonica.com\/index.php\/wp-json\/wp\/v2\/media?parent=7508"}],"wp:term":[{"taxonomy":"category","embeddable":true,"href":"https:\/\/politicapatagonica.com\/index.php\/wp-json\/wp\/v2\/categories?post=7508"},{"taxonomy":"post_tag","embeddable":true,"href":"https:\/\/politicapatagonica.com\/index.php\/wp-json\/wp\/v2\/tags?post=7508"}],"curies":[{"name":"wp","href":"https:\/\/api.w.org\/{rel}","templated":true}]}}