{"id":7505,"date":"2025-09-03T20:38:53","date_gmt":"2025-09-03T20:38:53","guid":{"rendered":"https:\/\/politicapatagonica.com\/?p=7505"},"modified":"2025-09-03T20:38:54","modified_gmt":"2025-09-03T20:38:54","slug":"neuquen-oficializo-la-emergencia-por-sequia-las-medidas-del-gobierno-para-los-ganaderos-una-por-una","status":"publish","type":"post","link":"https:\/\/politicapatagonica.com\/index.php\/2025\/09\/03\/neuquen-oficializo-la-emergencia-por-sequia-las-medidas-del-gobierno-para-los-ganaderos-una-por-una\/","title":{"rendered":"Neuqu\u00e9n oficializ\u00f3 la emergencia por sequ\u00eda: las medidas del Gobierno para los ganaderos, una por una"},"content":{"rendered":"\n<p>La\u00a0<strong>falta de precipitaciones<\/strong>, que provoc\u00f3 un fuerte llamado de atenci\u00f3n del sector productivo,\u00a0en especial el ganadero, deriv\u00f3<strong>\u00a0en la declaraci\u00f3n de la emergencia por sequ\u00eda por parte del gobierno de Neuqu\u00e9n<\/strong>, presentada ayer en un acto en Zapala encabezado por el gobernador Rolando Figueroa.<\/p>\n\n\n\n<p>Diego Garc\u00eda Rambeaud, secretario provincial de Producci\u00f3n, dijo a Diario R\u00cdO NEGRO que la intenci\u00f3n de lo anunciado<strong>\u00a0es lograr &#8220;un abordaje integral<\/strong>&#8221;\u00a0de la situaci\u00f3n, con medidas pensadas para los diferentes estratos de productores y fundadas en tres dimensiones:\u00a0<strong>financiamiento, reorganizaci\u00f3n del riego y manejo del recurso forrajero.<\/strong><\/p>\n\n\n\n<h2>Emergencia por sequ\u00eda en Neuqu\u00e9n: inyectar\u00e1n m\u00e1s de $4.300 millones<\/h2>\n\n\n\n<hr class=\"wp-block-separator has-alpha-channel-opacity\"\/>\n\n\n\n<p>Ayer, en un comunicado, el Gobierno inform\u00f3&nbsp;<strong>la inyecci\u00f3n de unos $4.400 millones para el sector<\/strong>, de los cuales unos $3.000 se utilizar\u00e1n para crear l\u00edneas de financiamiento.<\/p>\n\n\n\n<p>Seg\u00fan Rambeaud, los cr\u00e9ditos permitir\u00e1n &#8220;oxigenar&#8221; la situaci\u00f3n financiera de los establecimientos, con condiciones\u00a0<strong>menos exigentes<\/strong>\u00a0que aquellos que se ofrecen en el mercado, sobre todo, en cuanto a plazos, montos y requisitos.<\/p>\n\n\n\n<p>Los fondos\u00a0<strong>servir\u00e1n para comprar maquinaria, mejorar sistemas de riego y adquirir insumos<\/strong>, por mencionar algunos de sus alcances. Tambi\u00e9n\u00a0<strong>habr\u00e1 beneficios impositivos<\/strong>, habilitados con la declaraci\u00f3n de la emergencia que regir\u00e1 por un plazo de 18 de meses en toda la provincia -a excepci\u00f3n de los valles irrigados de A\u00f1elo y la Confluencia- con la opci\u00f3n de prorrogarla por otro semestre.<\/p>\n\n\n\n<h2>Emergencia por sequ\u00eda en Neuqu\u00e9n: el riego, solo para las tierras \u00abefectivamente\u00bb en producci\u00f3n<\/h2>\n\n\n\n<hr class=\"wp-block-separator has-alpha-channel-opacity\"\/>\n\n\n\n<p>Otro de los puntos que abord\u00f3 es<strong>\u00a0la organizaci\u00f3n del riego<\/strong>. El funcionario indic\u00f3 que buscar\u00e1n contactarse con distintas zonas bajo riego de la provincia, en especial aquellas donde no existen consorcios o alguna entidad que las regule,\u00a0<strong>e implementar un manejo &#8220;regulado&#8221; del agua.<\/strong><\/p>\n\n\n\n<p>El eje, adelant\u00f3, ser\u00e1 priorizar las parcelas que &#8220;efectivamente&#8221; est\u00e9n en producci\u00f3n, ya que el recurso ser\u00e1 escaso durante los pr\u00f3ximos meses, cuando las temperaturas suban y las lluvias, si llegan,<strong>\u00a0lo har\u00e1n mayormente con tormentas m\u00e1s violentas que \u00fatiles.<\/strong><\/p>\n\n\n\n<h2>Sequ\u00eda: las zonas m\u00e1s complicadas para la ganader\u00eda de Neuqu\u00e9n<\/h2>\n\n\n\n<hr class=\"wp-block-separator has-alpha-channel-opacity\"\/>\n\n\n\n<p>En cuanto a las zonas m\u00e1s afectadas, el titular de Producci\u00f3n dijo que los mayores problemas se est\u00e1n viendo en la cuenca alta del Limay, la zona centro &#8220;de monte&#8221; y los campos de la precordillera. En estos \u00faltimos suelen concentrarse las extensiones ganaderas m\u00e1s amplias, combinando lotes de estepa y en menor medida de mallines, los que m\u00e1s pastura pueden ofrecer para vacunos, ovinos y caprinos.<\/p>\n\n\n\n<p>Adem\u00e1s, Garc\u00eda Rambeaud resalt\u00f3 el trabajo para garantizar el mantenimiento de la trashumancia, pr\u00e1ctica ancestral en la provincia, y la organizaci\u00f3n de los productores para sacar de sus campos los animales de refugo,&nbsp;<strong>aquellos menos productivos que aumentan la presi\u00f3n sobre el pasto existente.<\/strong><\/p>\n\n\n\n<p>Si bien este cuadro de situaci\u00f3n puede derivar en una reducci\u00f3n del stock ganadero provincial, esto no es lo m\u00e1s relevante de acuerdo al funcionario,&nbsp;<strong>quien dijo que en este momento m\u00e1s que cantidad, lo que se necesita \u00abes eficiencia\u00bb.<\/strong><\/p>\n\n\n\n<p>Durante el lanzamiento de las medidas, se acord\u00f3 tambi\u00e9n la conformaci\u00f3n de una mesa \u00abp\u00fablica privada\u00bb. En esa instancia se &#8220;ajustar\u00e1 lo anunciado&#8221;<strong>\u00a0con la participaci\u00f3n de \u00abtodos los involucrados\u00bb,\u00a0<\/strong>agreg\u00f3.<\/p>\n\n\n\n<h2>L\u00edneas de financiamiento por la sequ\u00eda en Neuqu\u00e9n: cu\u00e1les son<\/h2>\n\n\n\n<hr class=\"wp-block-separator has-alpha-channel-opacity\"\/>\n\n\n\n<ul>\n<li>Inclusi\u00f3n financiera<\/li>\n\n\n\n<li>Productores registrados<\/li>\n\n\n\n<li>Eficiencia del agua bajo riego<\/li>\n\n\n\n<li>Prefinanciamiento comercial<\/li>\n\n\n\n<li>Transporte de ganado -con el foco puesto en los crianceros trashumantes<\/li>\n\n\n\n<li>Emergencia<\/li>\n\n\n\n<li>Productores ganaderos<\/li>\n<\/ul>\n\n\n\n<p>Desde Provincia explicaron que todas tienen periodos de gracia considerable y tasa fija \u2013 entre el 10 y el 20 por ciento-, dependiendo de cu\u00e1l se trate.<\/p>\n\n\n\n<p><strong>Fuente: www.rionegro.com.ar<\/strong><\/p>\n\n\n\n<p><a href=\"https:\/\/www.rionegro.com.ar\/rural\/sin-nieve-ni-lluvia-ganaderos-de-neuquen-piden-la-emergencia-del-sector-no-hay-campo-que-aguante\/\"><\/a><\/p>\n","protected":false},"excerpt":{"rendered":"<p>La\u00a0falta de precipitaciones, que provoc\u00f3 un fuerte llamado de atenci\u00f3n del sector productivo,\u00a0en especial el ganadero, deriv\u00f3\u00a0en la declaraci\u00f3n de la emergencia por sequ\u00eda por parte del gobierno de Neuqu\u00e9n, presentada ayer en un acto en Zapala encabezado por el gobernador Rolando Figueroa. Diego Garc\u00eda Rambeaud, secretario provincial de Producci\u00f3n, dijo a Diario R\u00cdO NEGRO [&hellip;]<\/p>\n","protected":false},"author":5,"featured_media":7506,"comment_status":"open","ping_status":"open","sticky":false,"template":"","format":"standard","meta":[],"categories":[9],"tags":[],"_links":{"self":[{"href":"https:\/\/politicapatagonica.com\/index.php\/wp-json\/wp\/v2\/posts\/7505"}],"collection":[{"href":"https:\/\/politicapatagonica.com\/index.php\/wp-json\/wp\/v2\/posts"}],"about":[{"href":"https:\/\/politicapatagonica.com\/index.php\/wp-json\/wp\/v2\/types\/post"}],"author":[{"embeddable":true,"href":"https:\/\/politicapatagonica.com\/index.php\/wp-json\/wp\/v2\/users\/5"}],"replies":[{"embeddable":true,"href":"https:\/\/politicapatagonica.com\/index.php\/wp-json\/wp\/v2\/comments?post=7505"}],"version-history":[{"count":1,"href":"https:\/\/politicapatagonica.com\/index.php\/wp-json\/wp\/v2\/posts\/7505\/revisions"}],"predecessor-version":[{"id":7507,"href":"https:\/\/politicapatagonica.com\/index.php\/wp-json\/wp\/v2\/posts\/7505\/revisions\/7507"}],"wp:featuredmedia":[{"embeddable":true,"href":"https:\/\/politicapatagonica.com\/index.php\/wp-json\/wp\/v2\/media\/7506"}],"wp:attachment":[{"href":"https:\/\/politicapatagonica.com\/index.php\/wp-json\/wp\/v2\/media?parent=7505"}],"wp:term":[{"taxonomy":"category","embeddable":true,"href":"https:\/\/politicapatagonica.com\/index.php\/wp-json\/wp\/v2\/categories?post=7505"},{"taxonomy":"post_tag","embeddable":true,"href":"https:\/\/politicapatagonica.com\/index.php\/wp-json\/wp\/v2\/tags?post=7505"}],"curies":[{"name":"wp","href":"https:\/\/api.w.org\/{rel}","templated":true}]}}