{"id":7496,"date":"2025-09-02T23:16:16","date_gmt":"2025-09-02T23:16:16","guid":{"rendered":"https:\/\/politicapatagonica.com\/?p=7496"},"modified":"2025-09-03T12:13:08","modified_gmt":"2025-09-03T12:13:08","slug":"camaras-empresarias-de-tierra-del-fuego-pidieron-a-melella-medidas-urgentes-ante-la-crisis-y-los-bloqueos","status":"publish","type":"post","link":"https:\/\/politicapatagonica.com\/index.php\/2025\/09\/02\/camaras-empresarias-de-tierra-del-fuego-pidieron-a-melella-medidas-urgentes-ante-la-crisis-y-los-bloqueos\/","title":{"rendered":"C\u00e1maras empresarias de Tierra del Fuego pidieron al gobernador Melella medidas urgentes ante la crisis y los bloqueos"},"content":{"rendered":"\n<p><strong>En el documento remitido al Ejecutivo, las entidades se\u00f1alaron que las protestas generan un da\u00f1o directo a la comunidad al impedir la libre circulaci\u00f3n, paralizar la actividad productiva y comercial, y poner en riesgo la continuidad de numerosos puestos de trabajo.<\/strong><\/p>\n\n\n\n<h3><strong>Reclamo directo a Melella<\/strong><\/h3>\n\n\n\n<p>Los representantes del sector privado manifestaron <strong>que resulta \u201cinaceptable\u201d que demandas sectoriales prevalezcan sobre el bienestar general, en un contexto donde peque\u00f1as y medianas empresas<\/strong>, comercios e industrias enfrentan enormes dificultades para sostener el empleo, cumplir con el pago de salarios y mantener sus puertas abiertas.<\/p>\n\n\n\n<p>En ese sentido, solicitaron al Gobierno provincial la implementaci\u00f3n de medidas inmediatas que garanticen:<\/p>\n\n\n\n<ul>\n<li><strong>La normalidad en la circulaci\u00f3n y el orden p\u00fablico.<\/strong><\/li>\n\n\n\n<li><strong>La protecci\u00f3n de la actividad comercial, industrial y de servicios.<\/strong><\/li>\n\n\n\n<li><strong>La defensa del derecho al trabajo y la estabilidad laboral.<\/strong><\/li>\n\n\n\n<li><strong>El acceso de los ni\u00f1os a la educaci\u00f3n.<\/strong><\/li>\n<\/ul>\n\n\n\n<h3><strong>\u201cNo podemos ser espectadores\u201d<\/strong><\/h3>\n\n\n\n<p>Si bien las c\u00e1maras empresarias ratificaron su predisposici\u00f3n al di\u00e1logo y la b\u00fasqueda de consensos, tambi\u00e9n <strong>remarcaron que no est\u00e1n dispuestas a \u201cpermanecer como meros espectadores frente a acciones que destruyen empleo, desalientan inversiones y comprometen el futuro econ\u00f3mico y social de Tierra del Fuego\u201d.<\/strong><\/p>\n\n\n\n<p>El pronunciamiento finaliza con un llamado a la<strong> responsabilidad pol\u00edtica y social para evitar que la actual crisis<\/strong> se profundice y derive en consecuencias a\u00fan m\u00e1s graves para el entramado productivo y comunitario de la provincia.<\/p>\n\n\n\n<p><strong>Fuente: www.tiemposur.com.ar<\/strong><\/p>\n","protected":false},"excerpt":{"rendered":"<p>En el documento remitido al Ejecutivo, las entidades se\u00f1alaron que las protestas generan un da\u00f1o directo a la comunidad al impedir la libre circulaci\u00f3n, paralizar la actividad productiva y comercial, y poner en riesgo la continuidad de numerosos puestos de trabajo. Reclamo directo a Melella Los representantes del sector privado manifestaron que resulta \u201cinaceptable\u201d que [&hellip;]<\/p>\n","protected":false},"author":5,"featured_media":7497,"comment_status":"open","ping_status":"open","sticky":false,"template":"","format":"standard","meta":[],"categories":[11],"tags":[],"_links":{"self":[{"href":"https:\/\/politicapatagonica.com\/index.php\/wp-json\/wp\/v2\/posts\/7496"}],"collection":[{"href":"https:\/\/politicapatagonica.com\/index.php\/wp-json\/wp\/v2\/posts"}],"about":[{"href":"https:\/\/politicapatagonica.com\/index.php\/wp-json\/wp\/v2\/types\/post"}],"author":[{"embeddable":true,"href":"https:\/\/politicapatagonica.com\/index.php\/wp-json\/wp\/v2\/users\/5"}],"replies":[{"embeddable":true,"href":"https:\/\/politicapatagonica.com\/index.php\/wp-json\/wp\/v2\/comments?post=7496"}],"version-history":[{"count":2,"href":"https:\/\/politicapatagonica.com\/index.php\/wp-json\/wp\/v2\/posts\/7496\/revisions"}],"predecessor-version":[{"id":7504,"href":"https:\/\/politicapatagonica.com\/index.php\/wp-json\/wp\/v2\/posts\/7496\/revisions\/7504"}],"wp:featuredmedia":[{"embeddable":true,"href":"https:\/\/politicapatagonica.com\/index.php\/wp-json\/wp\/v2\/media\/7497"}],"wp:attachment":[{"href":"https:\/\/politicapatagonica.com\/index.php\/wp-json\/wp\/v2\/media?parent=7496"}],"wp:term":[{"taxonomy":"category","embeddable":true,"href":"https:\/\/politicapatagonica.com\/index.php\/wp-json\/wp\/v2\/categories?post=7496"},{"taxonomy":"post_tag","embeddable":true,"href":"https:\/\/politicapatagonica.com\/index.php\/wp-json\/wp\/v2\/tags?post=7496"}],"curies":[{"name":"wp","href":"https:\/\/api.w.org\/{rel}","templated":true}]}}