{"id":7493,"date":"2025-09-02T23:04:14","date_gmt":"2025-09-02T23:04:14","guid":{"rendered":"https:\/\/politicapatagonica.com\/?p=7493"},"modified":"2025-09-03T12:10:25","modified_gmt":"2025-09-03T12:10:25","slug":"santa-cruz-con-una-inversion-de-25-millones-de-dolares-una-empresa-anuncio-la-reactivacion-del-proyecto-joaquin","status":"publish","type":"post","link":"https:\/\/politicapatagonica.com\/index.php\/2025\/09\/02\/santa-cruz-con-una-inversion-de-25-millones-de-dolares-una-empresa-anuncio-la-reactivacion-del-proyecto-joaquin\/","title":{"rendered":"Santa Cruz: con una inversi\u00f3n de 25 millones de d\u00f3lares, una empresa minera anunci\u00f3 la reactivaci\u00f3n del Proyecto Joaqu\u00edn"},"content":{"rendered":"\n<p><strong>La compa\u00f1\u00eda Unico Silver Limited anunci\u00f3 la reanudaci\u00f3n de las actividades de campo y perforaciones en el Proyecto Joaqu\u00edn, ubicado en el Macizo del Deseado santacruce\u00f1o, como parte de una campa\u00f1a ampliada que contempla 30.000 metros de perforaci\u00f3n adicional en Joaqu\u00edn y Cerro Le\u00f3n, tras la colocaci\u00f3n de capital por 25 millones de d\u00f3lares, con fuerte apoyo de inversores nacionales e internacionales.<\/strong><\/p>\n\n\n\n<p>D\u00edas atr\u00e1s, en el marco de Argentina Mining Sur 2025 en El Calafate, Emilio Bast\u00edas, Country Manager; y Patricio Brividoro, vicepresidente de Exploraci\u00f3n, ambos de Unico Silver,<strong> adelantaron esta informaci\u00f3n al gobernador Claudio Vidal, quien estuvo acompa\u00f1ado por el ministro de Energ\u00eda y Miner\u00eda, Jaime \u00c1lvarez.<\/strong><\/p>\n\n\n\n<p>&#8220;La reuni\u00f3n con las autoridades fue m\u00e1s que positiva y productiva &#8211; se\u00f1al\u00f3 Brividoro &#8211;<strong> todas las partes entendemos que la miner\u00eda juega un papel central en el desarrollo de la Provincia y de las comunidades regionales, y que la sinergia entre actores privados y las autoridades gubernamentales es la clave para alcanzar el \u00e9xito <\/strong>y la sustentabilidad de los proyectos&#8221;.<\/p>\n\n\n\n<p>En ese sentido, agreg\u00f3 que<strong> &#8220;estamos muy entusiasmados con los planes que tiene \u00danico Silver en Santa Cruz, y valoramos de manera especial el fuerte apoyo que estamos recibiendo del Gobernador, Ministros y Secretario de Miner\u00eda&#8221;<\/strong>.<\/p>\n\n\n\n<p>Con AUD 12,5 millones en efectivo al 30 de junio de 2025 y los ingresos ya recibidos, \u00danico est\u00e1 completamente financiada para ejecutar su estrategia de crecimiento y desarrollo a corto plazo.<\/p>\n\n\n\n<p>De esta manera, desde la compa\u00f1\u00eda detallaron que la segunda fase de perforaci\u00f3n se concentrar\u00e1 en los recientes descubrimientos: La Negra SE: 90 metros con 144 gpt Ag Eq desde los 10 m, incluyendo intersecciones de hasta 2,864 gpt AgEq (Ley por espesor); y La Morocha SE: 69 metros con 163 gpt AgEq desde los 124 m, con intersecciones de hasta 5,491 gpt AgEq (Ley por espesor).<\/p>\n\n\n\n<p><strong>Ambos prospectos permanecen abiertos en todas las direcciones y ser\u00e1n perforados sistem\u00e1ticamente como parte de la actualizaci\u00f3n de recursos.<\/strong><\/p>\n\n\n\n<p><strong>Fuente: www.eldiarionuevodia.com.ar<\/strong><\/p>\n","protected":false},"excerpt":{"rendered":"<p>La compa\u00f1\u00eda Unico Silver Limited anunci\u00f3 la reanudaci\u00f3n de las actividades de campo y perforaciones en el Proyecto Joaqu\u00edn, ubicado en el Macizo del Deseado santacruce\u00f1o, como parte de una campa\u00f1a ampliada que contempla 30.000 metros de perforaci\u00f3n adicional en Joaqu\u00edn y Cerro Le\u00f3n, tras la colocaci\u00f3n de capital por 25 millones de d\u00f3lares, con [&hellip;]<\/p>\n","protected":false},"author":5,"featured_media":7494,"comment_status":"open","ping_status":"open","sticky":false,"template":"","format":"standard","meta":[],"categories":[8],"tags":[],"_links":{"self":[{"href":"https:\/\/politicapatagonica.com\/index.php\/wp-json\/wp\/v2\/posts\/7493"}],"collection":[{"href":"https:\/\/politicapatagonica.com\/index.php\/wp-json\/wp\/v2\/posts"}],"about":[{"href":"https:\/\/politicapatagonica.com\/index.php\/wp-json\/wp\/v2\/types\/post"}],"author":[{"embeddable":true,"href":"https:\/\/politicapatagonica.com\/index.php\/wp-json\/wp\/v2\/users\/5"}],"replies":[{"embeddable":true,"href":"https:\/\/politicapatagonica.com\/index.php\/wp-json\/wp\/v2\/comments?post=7493"}],"version-history":[{"count":3,"href":"https:\/\/politicapatagonica.com\/index.php\/wp-json\/wp\/v2\/posts\/7493\/revisions"}],"predecessor-version":[{"id":7502,"href":"https:\/\/politicapatagonica.com\/index.php\/wp-json\/wp\/v2\/posts\/7493\/revisions\/7502"}],"wp:featuredmedia":[{"embeddable":true,"href":"https:\/\/politicapatagonica.com\/index.php\/wp-json\/wp\/v2\/media\/7494"}],"wp:attachment":[{"href":"https:\/\/politicapatagonica.com\/index.php\/wp-json\/wp\/v2\/media?parent=7493"}],"wp:term":[{"taxonomy":"category","embeddable":true,"href":"https:\/\/politicapatagonica.com\/index.php\/wp-json\/wp\/v2\/categories?post=7493"},{"taxonomy":"post_tag","embeddable":true,"href":"https:\/\/politicapatagonica.com\/index.php\/wp-json\/wp\/v2\/tags?post=7493"}],"curies":[{"name":"wp","href":"https:\/\/api.w.org\/{rel}","templated":true}]}}