{"id":7484,"date":"2025-09-01T17:35:41","date_gmt":"2025-09-01T17:35:41","guid":{"rendered":"https:\/\/politicapatagonica.com\/?p=7484"},"modified":"2025-09-01T17:35:42","modified_gmt":"2025-09-01T17:35:42","slug":"rolando-figueroa-sobre-el-reves-electoral-de-la-libertad-avanza-en-corrientes-la-gente-se-canso","status":"publish","type":"post","link":"https:\/\/politicapatagonica.com\/index.php\/2025\/09\/01\/rolando-figueroa-sobre-el-reves-electoral-de-la-libertad-avanza-en-corrientes-la-gente-se-canso\/","title":{"rendered":"Rolando Figueroa sobre el rev\u00e9s electoral de La Libertad Avanza en Corrientes: &#8220;La gente se cans\u00f3&#8221;"},"content":{"rendered":"\n<p><strong>El gobernador\u00a0Rolando Figueroa\u00a0opin\u00f3 sobre los resultados de las elecciones de este domingo en\u00a0Corrientes,<\/strong>\u00a0donde el oficialismo provincial se impuso en una primera vuelta y<strong>\u00a0las propuestas de\u00a0La Libertad Avanza\u00a0quedaron en cuarto lugar en los comicios.\u00a0<\/strong>Asegur\u00f3 que Neuqu\u00e9n tendr\u00e1 resultados similares en las elecciones legislativas del 26 de octubre, porque los neuquinos se cansaron del enfrentamiento entre kirchnerismo y libertarios.<\/p>\n\n\n\n<p>Durante la inauguraci\u00f3n de la Avenida Los Para\u00edsos, en el marco de los festejos por el 121 aniversario de la ciudad de Neuqu\u00e9n, el gobernador acompa\u00f1\u00f3 al intendente de la capital, Mariano Gaido, y analiz\u00f3 los resultados de las elecciones provinciales en Corrientes, que se celebraron este domingo. Juan Pablo Vald\u00e9s, candidato oficialista y hermano del actual gobernador, se impuso por amplia mayor\u00eda.<\/p>\n\n\n\n<p>El partido oficialista,<strong>\u00a0Vamos Corrientes, se qued\u00f3 con el 52% de los votos, mientras que La Libertad Avanza qued\u00f3 en el cuarto lugar con un 10% de los sufragios.<\/strong>\u00a0Para Figueroa,\u00a0<strong>que busca imponer su propio frente, La Neuquinidad, como una alternativa a la polarizaci\u00f3n entre Fuerza Patria y el partido de Javier Milei, el desempe\u00f1o correntino marca una tendencia favorable para once provincias que tienen armados provinciales.<\/strong><\/p>\n\n\n\n<p><strong>&#8220;Yo creo que nunca hay que pensar que el fen\u00f3meno nacional va a impactar en las provincias de igual manera&#8221;, dijo Figueroa<\/strong>. Durante el acto de inauguraci\u00f3n de Los Para\u00edsos, reforz\u00f3 la postura de la administraci\u00f3n neuquina que, en lugar de reclamar por la falta de apoyo nacional para la obra p\u00fablica, busca ordenar las cuentas para avanzar con los proyectos con fondos propios.<\/p>\n\n\n\n<p>&#8220;Hay 11 provincias argentinas en las cuales los modelos provinciales son muy fuertes. En otras provincias existen diferentes alternativas que se armaron camino al 26 de octubre&#8221;, dijo y agreg\u00f3: &#8220;Cuando existen los dos partidos nacionales disput\u00e1ndose una provincia, puede ser que exista un determinado debate y<strong>&nbsp;cuando ya entran a jugar proyectos provinciales, como en estas 11 provincias que van a entrar a jugar, los resultados van a ser muy diferentes porque la ciudadan\u00eda est\u00e1 contemplando esto&#8221;.<\/strong><\/p>\n\n\n\n<h2>El caso ANDIS y la oportunidad de La Neuquinidad<\/h2>\n\n\n\n<p>Sin hacer menciones espec\u00edficas a los agitados debates en el Congreso Nacional o el cruce de acusaciones por las presuntas coimas en el \u00e1rea de Discapacidad, el gobernador se\u00f1al\u00f3 que&nbsp;<strong>la ciudadan\u00eda &#8220;se cans\u00f3 de las peleas de unos y otros y est\u00e1n valorizando los proyectos locales, los proyectos provinciales&#8221;.<\/strong><\/p>\n\n\n\n<p>El mandatario provincial prefiri\u00f3 no sentar una postura sobre el caso conocido el esc\u00e1ndalo ANDIS, que algunos consideran como una posible causa del magro desempe\u00f1o de La Libertad Avanza en Corrientes.<\/p>\n\n\n\n<p><strong>&#8220;Yo creo que est\u00e1 en manos de la justicia y uno tiene que ser muy respetuoso con esos hechos. Entonces me parece bien que la justicia resuelva y que se determine con meridiana precisi\u00f3n qu\u00e9 es lo que ocurri\u00f3 y qu\u00e9 es lo que est\u00e1 esperando la ciudadan\u00eda&#8221;, se\u00f1al\u00f3.<\/strong><\/p>\n\n\n\n<p>Por su parte, indic\u00f3 que la raz\u00f3n del triunfo del oficialismo correntino se debe al cansancio de la poblaci\u00f3n por los dos modelos que se polarizan a nivel nacional. &#8220;Eso manifest\u00f3 anoche la ciudadan\u00eda espec\u00edficamente en Corrientes, por ampl\u00edsima mayor\u00eda, de hecho en Corrientes est\u00e1 contemplada una segunda vuelta y fue tan arrasador que no hay segunda vuelta&#8221;, asegur\u00f3.<\/p>\n\n\n\n<p>Y agreg\u00f3: &#8220;Nosotros creemos que en muchas provincias va a suceder exactamente lo mismo,<strong>\u00a0la gente est\u00e1 cansada que se peleen unos con otros,<\/strong>\u00a0nosotros estamos trabajando para seguir abriendo los brazos, para que se entienda que\u00a0<strong>entre todos tenemos que defender Neuqu\u00e9n&#8221;.<\/strong><\/p>\n\n\n\n<p><strong>Figueroa repiti\u00f3 las acusaciones que lanz\u00f3 a los partidos nacionales, que demoraron la presentaci\u00f3n de candidatos en Neuqu\u00e9n. &#8220;Esa defensa de Neuqu\u00e9n es as\u00ed, en di\u00e1logo entre nosotros, no obedeci\u00e9ndole \u00f3rdenes que el \u00faltimo d\u00eda determinan a dedo qui\u00e9nes son los candidatos, generalmente junt\u00e1ndose las voluntades a partir de pensamientos que existen all\u00e1 en el Obelisco&#8221;.<\/strong><\/p>\n\n\n\n<p>&#8220;Ac\u00e1 es muy diferente a lo que estamos viviendo los neuquinos y creo que claramente\u00a0<strong>va a quedar expuesta en las urnas en much\u00edsimas provincias\u00a0<\/strong>argentinas el 26 de octubre&#8221;, asegur\u00f3.<\/p>\n\n\n\n<p><strong>Fuente: www.lmneuquen.com<\/strong><\/p>\n","protected":false},"excerpt":{"rendered":"<p>El gobernador\u00a0Rolando Figueroa\u00a0opin\u00f3 sobre los resultados de las elecciones de este domingo en\u00a0Corrientes,\u00a0donde el oficialismo provincial se impuso en una primera vuelta y\u00a0las propuestas de\u00a0La Libertad Avanza\u00a0quedaron en cuarto lugar en los comicios.\u00a0Asegur\u00f3 que Neuqu\u00e9n tendr\u00e1 resultados similares en las elecciones legislativas del 26 de octubre, porque los neuquinos se cansaron del enfrentamiento entre kirchnerismo [&hellip;]<\/p>\n","protected":false},"author":5,"featured_media":7485,"comment_status":"open","ping_status":"open","sticky":false,"template":"","format":"standard","meta":[],"categories":[9],"tags":[],"_links":{"self":[{"href":"https:\/\/politicapatagonica.com\/index.php\/wp-json\/wp\/v2\/posts\/7484"}],"collection":[{"href":"https:\/\/politicapatagonica.com\/index.php\/wp-json\/wp\/v2\/posts"}],"about":[{"href":"https:\/\/politicapatagonica.com\/index.php\/wp-json\/wp\/v2\/types\/post"}],"author":[{"embeddable":true,"href":"https:\/\/politicapatagonica.com\/index.php\/wp-json\/wp\/v2\/users\/5"}],"replies":[{"embeddable":true,"href":"https:\/\/politicapatagonica.com\/index.php\/wp-json\/wp\/v2\/comments?post=7484"}],"version-history":[{"count":1,"href":"https:\/\/politicapatagonica.com\/index.php\/wp-json\/wp\/v2\/posts\/7484\/revisions"}],"predecessor-version":[{"id":7486,"href":"https:\/\/politicapatagonica.com\/index.php\/wp-json\/wp\/v2\/posts\/7484\/revisions\/7486"}],"wp:featuredmedia":[{"embeddable":true,"href":"https:\/\/politicapatagonica.com\/index.php\/wp-json\/wp\/v2\/media\/7485"}],"wp:attachment":[{"href":"https:\/\/politicapatagonica.com\/index.php\/wp-json\/wp\/v2\/media?parent=7484"}],"wp:term":[{"taxonomy":"category","embeddable":true,"href":"https:\/\/politicapatagonica.com\/index.php\/wp-json\/wp\/v2\/categories?post=7484"},{"taxonomy":"post_tag","embeddable":true,"href":"https:\/\/politicapatagonica.com\/index.php\/wp-json\/wp\/v2\/tags?post=7484"}],"curies":[{"name":"wp","href":"https:\/\/api.w.org\/{rel}","templated":true}]}}