{"id":7475,"date":"2025-08-29T21:28:23","date_gmt":"2025-08-29T21:28:23","guid":{"rendered":"https:\/\/politicapatagonica.com\/?p=7475"},"modified":"2025-08-29T21:28:24","modified_gmt":"2025-08-29T21:28:24","slug":"en-medio-de-su-proceso-electoral-unter-define-acciones-por-los-salarios-en-rio-negro","status":"publish","type":"post","link":"https:\/\/politicapatagonica.com\/index.php\/2025\/08\/29\/en-medio-de-su-proceso-electoral-unter-define-acciones-por-los-salarios-en-rio-negro\/","title":{"rendered":"En medio de su proceso electoral, Unter define acciones por los salarios en R\u00edo Negro"},"content":{"rendered":"\n<p><strong>Unter est\u00e1 inmersa en el proceso electoral,<\/strong>\u00a0no solo de la central sino tambi\u00e9n de sus seccionales que desde esta semana comenzaron sus propios comicios para renovar la conducci\u00f3n, y en paralelo debe definir\u00a0c\u00f3mo contin\u00faa el reclamo y si avanza en acciones directas\u00a0ante la falta de acuerdo salarial con el Gobierno.<\/p>\n\n\n\n<p>El gremio convoc\u00f3 para hoy al\u00a0<strong>plenario de secretarios generales que se reunir\u00e1 de manera virtual\u00a0<\/strong>desde las 10 para analizar la \u00faltima paritaria que se realiz\u00f3 el lunes y las acciones a seguir, seg\u00fan el temario difundido ayer.<\/p>\n\n\n\n<p>El contexto electoral no es menor porque el oficialismo tiene la presi\u00f3n de las seccionales opositoras que demandan mayor dureza y un&nbsp;<strong>plan de lucha sostenido contra la pol\u00edtica salarial del Gobierno.<\/strong><\/p>\n\n\n\n<p>En el \u00faltimo encuentro con los paritarios gubernamentales, el sindicato rechaz\u00f3 de inmediato la oferta de un&nbsp;<strong>pago por \u00fanica vez de 20.000 pesos por agente<\/strong>, que la secretaria general Silvana Inostroza calific\u00f3 de&nbsp;<strong>\u201cirrisorio\u201d.<\/strong><\/p>\n\n\n\n<p>Unter insiste que Educaci\u00f3n no atiende sus demandas salariales que exigen\u00a0<strong>\u201crecuperar el poder adquisitivo\u201d para hacer frente a los incrementos cotidianos<\/strong>, que seg\u00fan el gremio, est\u00e1n por encima de lo que marca el Indec con su medici\u00f3n de la inflaci\u00f3n.<\/p>\n\n\n\n<p>El mes pasado, el gremio declar\u00f3 \u201cinsuficiente\u201d la oferta de un aumento del 1% m\u00e1s una suma de 20.000 pesos por cargo, que de todos modos el\u00a0Gobierno abon\u00f3 porque no se trat\u00f3 de un rechazo enf\u00e1tico.<\/p>\n\n\n\n<h2>Siete fechas electorales en Unter<\/h2>\n\n\n\n<p>En el plano interno, en Unter no solo cerr\u00f3 el plazo de presentaci\u00f3n de listas para la conducci\u00f3n central el mi\u00e9rcoles sino tambi\u00e9n en varias seccionales, incluso algunas ya est\u00e1n en su proceso en marcha porque son<strong>\u00a0siete las localidades que se distanciaron de la fecha provincial del 16 de octubre<\/strong>\u00a0donde competir\u00e1n las listas Azul Arancibia Celeste y Docentes al Frente Multicolor.<\/p>\n\n\n\n<p><strong>Ayer se realizaban las elecciones en la seccional El Bols\u00f3n&nbsp;<\/strong>con tres listas en competencia: Frente de lucha docente, Marina Vilte y Naranja- Violeta.<\/p>\n\n\n\n<p>En el cronograma siguen\u00a0<strong>Valle Medio y Cinco Saltos la pr\u00f3xima semana<\/strong>; R\u00edo Colorado y Allen el 10 de septiembre y\u00a0<strong>Cipolletti el 26<\/strong>. En esta \u00faltima seccional, una de las m\u00e1s grande, hay<strong>\u00a0dos listas oficializadas<\/strong>, por un lado el Frente de Unidad Docente (FUD), que postula a Mar\u00eda B\u00e1rbara Palumbo, como secretaria general y Hugo Rifo, adjunto; y el Frente Multicolor Cipolletti, que impulsa al actual titular del gremio Fabi\u00e1n Oliva y a Leticia \u00c1vila como adjunta.<\/p>\n\n\n\n<p>En&nbsp;<strong>Viedma, Roca y Bariloche los comicios ser\u00e1n el mismo d\u00eda de la elecci\u00f3n provincial.<\/strong><\/p>\n\n\n\n<p>En la<strong>&nbsp;ciudad andina hay 2.524 afiliados habilitados<\/strong>, 400 m\u00e1s que la \u00faltima elecci\u00f3n, y<strong>&nbsp;competir\u00e1n tres listas<\/strong>: La Fucsia en el DAF Multicolor, que responde a la actual conducci\u00f3n, con Norma P\u00e9rez como candidata a secretaria general; Romina G\u00f3mez adjunta y Adriana Lizaso, gremial; La Juana Manso (un desprendimiento de la Celeste) que lleva a Carla Torres como secretaria general, junto a Walter S\u00e1nchez y Pablo Mart\u00ednez; y Unidad docente Azul Arancibia -Celeste, que lleva a Silvia Abad\u00eda para conducir, acompa\u00f1ada por Edgardo Straini como adjunto y Liz Sarmiento, gremial.<\/p>\n\n\n\n<p>En\u00a0<strong>Viedma<\/strong>\u00a0hasta el momento solo la oficialista Azul Arancibia hab\u00eda presentado la n\u00f3mina pero se\u00a0<strong>extendi\u00f3 el plazo hasta hoy para la presentaci\u00f3n; y en Roca ocurri\u00f3 lo mismo\u00a0<\/strong>porque tres agrupaciones hab\u00edan pedido color.<\/p>\n\n\n\n<p><strong>Fuente: www.rionegro.com.ar<\/strong><\/p>\n","protected":false},"excerpt":{"rendered":"<p>Unter est\u00e1 inmersa en el proceso electoral,\u00a0no solo de la central sino tambi\u00e9n de sus seccionales que desde esta semana comenzaron sus propios comicios para renovar la conducci\u00f3n, y en paralelo debe definir\u00a0c\u00f3mo contin\u00faa el reclamo y si avanza en acciones directas\u00a0ante la falta de acuerdo salarial con el Gobierno. El gremio convoc\u00f3 para hoy [&hellip;]<\/p>\n","protected":false},"author":5,"featured_media":7476,"comment_status":"open","ping_status":"open","sticky":false,"template":"","format":"standard","meta":[],"categories":[13],"tags":[],"_links":{"self":[{"href":"https:\/\/politicapatagonica.com\/index.php\/wp-json\/wp\/v2\/posts\/7475"}],"collection":[{"href":"https:\/\/politicapatagonica.com\/index.php\/wp-json\/wp\/v2\/posts"}],"about":[{"href":"https:\/\/politicapatagonica.com\/index.php\/wp-json\/wp\/v2\/types\/post"}],"author":[{"embeddable":true,"href":"https:\/\/politicapatagonica.com\/index.php\/wp-json\/wp\/v2\/users\/5"}],"replies":[{"embeddable":true,"href":"https:\/\/politicapatagonica.com\/index.php\/wp-json\/wp\/v2\/comments?post=7475"}],"version-history":[{"count":1,"href":"https:\/\/politicapatagonica.com\/index.php\/wp-json\/wp\/v2\/posts\/7475\/revisions"}],"predecessor-version":[{"id":7477,"href":"https:\/\/politicapatagonica.com\/index.php\/wp-json\/wp\/v2\/posts\/7475\/revisions\/7477"}],"wp:featuredmedia":[{"embeddable":true,"href":"https:\/\/politicapatagonica.com\/index.php\/wp-json\/wp\/v2\/media\/7476"}],"wp:attachment":[{"href":"https:\/\/politicapatagonica.com\/index.php\/wp-json\/wp\/v2\/media?parent=7475"}],"wp:term":[{"taxonomy":"category","embeddable":true,"href":"https:\/\/politicapatagonica.com\/index.php\/wp-json\/wp\/v2\/categories?post=7475"},{"taxonomy":"post_tag","embeddable":true,"href":"https:\/\/politicapatagonica.com\/index.php\/wp-json\/wp\/v2\/tags?post=7475"}],"curies":[{"name":"wp","href":"https:\/\/api.w.org\/{rel}","templated":true}]}}