{"id":7472,"date":"2025-08-28T22:22:55","date_gmt":"2025-08-28T22:22:55","guid":{"rendered":"https:\/\/politicapatagonica.com\/?p=7472"},"modified":"2025-08-28T22:22:56","modified_gmt":"2025-08-28T22:22:56","slug":"melella-se-reunio-con-familias-de-personas-con-discapacidad","status":"publish","type":"post","link":"https:\/\/politicapatagonica.com\/index.php\/2025\/08\/28\/melella-se-reunio-con-familias-de-personas-con-discapacidad\/","title":{"rendered":"Melella se reuni\u00f3 con familias de personas con discapacidad"},"content":{"rendered":"\n<p>El gobernador Gustavo Melella mantuvo una reuni\u00f3n con familiares de personas con discapacidad, en la que se abordaron diversas problem\u00e1ticas vinculadas al acceso a servicios que brinda el Estado provincial. Salud, educaci\u00f3n, transporte y asistencia social fueron los principales ejes del encuentro, que se desarroll\u00f3 en un clima de di\u00e1logo y escucha activa.<\/p>\n\n\n\n<p>Durante la reuni\u00f3n, de la que tambi\u00e9n tomaron parte la vicegobernadora M\u00f3nica Urquiza, la ministra de Salud; Judit Di Giglio, y la ministra de Bienestar Ciudadano y Justicia; Adriana Chapper\u00f3n, los familiares expusieron inquietudes, experiencias y propuestas, subrayando la necesidad de fortalecer los dispositivos de acompa\u00f1amiento y contenci\u00f3n.<\/p>\n\n\n\n<p>Tambi\u00e9n pidieron garantizar una mayor articulaci\u00f3n entre los distintos organismos del Estado para dar respuestas m\u00e1s \u00e1giles y efectivas a las demandas de este sector de la poblaci\u00f3n.<\/p>\n\n\n\n<p>El Gobernador afirm\u00f3 que su gesti\u00f3n tiene como prioridad consolidar una pol\u00edtica inclusiva y de derechos, y asegur\u00f3 que se avanzar\u00e1 en acciones concretas que permitan dar respuesta a los planteos recibidos. \u201cNuestro objetivo es continuar con la tarea de un Estado cercano, que acompa\u00f1e y garantice igualdad de oportunidades para todos y todas, especialmente para quienes enfrentan mayores barreras\u201d, expres\u00f3 el mandatario.<\/p>\n\n\n\n<p>Tras la reuni\u00f3n, Melella valor\u00f3 la participaci\u00f3n activa de las familias y destac\u00f3 la importancia de estos espacios de encuentro para sostener pol\u00edticas p\u00fablicas m\u00e1s justas, integrales y efectivas.<\/p>\n\n\n\n<p>\u201cEscuchar de primera mano a quienes conviven d\u00eda a d\u00eda con estas dificultades nos permite fortalecer las acciones y construir soluciones m\u00e1s cercanas a las realidades de la gente\u201d, concluy\u00f3.<\/p>\n\n\n\n<p><strong>Fuente: www.eldiariodelfindelmundo.com<\/strong><\/p>\n","protected":false},"excerpt":{"rendered":"<p>El gobernador Gustavo Melella mantuvo una reuni\u00f3n con familiares de personas con discapacidad, en la que se abordaron diversas problem\u00e1ticas vinculadas al acceso a servicios que brinda el Estado provincial. Salud, educaci\u00f3n, transporte y asistencia social fueron los principales ejes del encuentro, que se desarroll\u00f3 en un clima de di\u00e1logo y escucha activa. Durante la [&hellip;]<\/p>\n","protected":false},"author":5,"featured_media":7473,"comment_status":"open","ping_status":"open","sticky":false,"template":"","format":"standard","meta":[],"categories":[11],"tags":[],"_links":{"self":[{"href":"https:\/\/politicapatagonica.com\/index.php\/wp-json\/wp\/v2\/posts\/7472"}],"collection":[{"href":"https:\/\/politicapatagonica.com\/index.php\/wp-json\/wp\/v2\/posts"}],"about":[{"href":"https:\/\/politicapatagonica.com\/index.php\/wp-json\/wp\/v2\/types\/post"}],"author":[{"embeddable":true,"href":"https:\/\/politicapatagonica.com\/index.php\/wp-json\/wp\/v2\/users\/5"}],"replies":[{"embeddable":true,"href":"https:\/\/politicapatagonica.com\/index.php\/wp-json\/wp\/v2\/comments?post=7472"}],"version-history":[{"count":1,"href":"https:\/\/politicapatagonica.com\/index.php\/wp-json\/wp\/v2\/posts\/7472\/revisions"}],"predecessor-version":[{"id":7474,"href":"https:\/\/politicapatagonica.com\/index.php\/wp-json\/wp\/v2\/posts\/7472\/revisions\/7474"}],"wp:featuredmedia":[{"embeddable":true,"href":"https:\/\/politicapatagonica.com\/index.php\/wp-json\/wp\/v2\/media\/7473"}],"wp:attachment":[{"href":"https:\/\/politicapatagonica.com\/index.php\/wp-json\/wp\/v2\/media?parent=7472"}],"wp:term":[{"taxonomy":"category","embeddable":true,"href":"https:\/\/politicapatagonica.com\/index.php\/wp-json\/wp\/v2\/categories?post=7472"},{"taxonomy":"post_tag","embeddable":true,"href":"https:\/\/politicapatagonica.com\/index.php\/wp-json\/wp\/v2\/tags?post=7472"}],"curies":[{"name":"wp","href":"https:\/\/api.w.org\/{rel}","templated":true}]}}