{"id":7466,"date":"2025-08-28T21:52:50","date_gmt":"2025-08-28T21:52:50","guid":{"rendered":"https:\/\/politicapatagonica.com\/?p=7466"},"modified":"2025-08-28T21:52:51","modified_gmt":"2025-08-28T21:52:51","slug":"robo-en-el-tribunal-de-cuentas-de-santa-cruz-chute-pidio-claridad-y-descarto-faltante-de-documentacion-de-rio-gallegos","status":"publish","type":"post","link":"https:\/\/politicapatagonica.com\/index.php\/2025\/08\/28\/robo-en-el-tribunal-de-cuentas-de-santa-cruz-chute-pidio-claridad-y-descarto-faltante-de-documentacion-de-rio-gallegos\/","title":{"rendered":"Robo en el Tribunal de Cuentas de Santa Cruz: Chute pidi\u00f3 claridad y descart\u00f3 faltante de documentaci\u00f3n de R\u00edo Gallegos"},"content":{"rendered":"\n<p>El robo al&nbsp;<strong>Tribunal de Cuentas de la provincia de Santa Cruz<\/strong>, ocurrido en las \u00faltimas horas del mi\u00e9rcoles en el edificio ubicado en Alberdi y Espa\u00f1a, gener\u00f3 fuerte preocupaci\u00f3n institucional. En el lugar trabajaron efectivos del&nbsp;<strong>Comando de Patrullas<\/strong>, de la&nbsp;<strong>Comisar\u00eda Primera<\/strong>&nbsp;y, posteriormente, personal de la&nbsp;<strong>Divisi\u00f3n Criminal\u00edstica<\/strong>, que levant\u00f3 indicios para avanzar en la investigaci\u00f3n. La causa qued\u00f3 en manos del&nbsp;<strong>juzgado de turno<\/strong>, que analizar\u00e1 las c\u00e1maras de seguridad del edificio y sus inmediaciones para dar con los responsables.<\/p>\n\n\n\n<p>El secretario de Legal y T\u00e9cnica del municipio de R\u00edo Gallegos,\u00a0<strong>Gonzalo Chute,\u00a0<\/strong>explic\u00f3 que tras conocerse la noticia, la contadora general del municipio se comunic\u00f3 de forma inmediata con el auditor de R\u00edo Gallegos. Seg\u00fan la informaci\u00f3n oficial,\u00a0<strong>no hubo sustracci\u00f3n de CPU ni p\u00e9rdida de documentaci\u00f3n relacionada con la municipalidad local.<\/strong><\/p>\n\n\n\n<p><strong>\u201cPrimero que nada, no falta ning\u00fan CPU relacionado con R\u00edo Gallegos ni con R\u00edo Turbio. La documentaci\u00f3n f\u00edsica que se rinde est\u00e1 presentada y no se toc\u00f3 nada. Aparentemente no faltar\u00eda nada de eso. Adem\u00e1s, hay un backup en los servidores de toda la documentaci\u00f3n presentada por los municipios por lo cual, incluso si hubiese existido este robo, <\/strong>tambi\u00e9n estar\u00eda la documentaci\u00f3n pertinente en formato f\u00edsico como en los servidores el respaldo\u201d.<\/p>\n\n\n\n<p>Pese a la aclaraci\u00f3n, Chute adelant\u00f3 que presentar\u00e1 una nota formal para que la&nbsp;<strong>presidenta del Tribunal de Cuentas<\/strong>&nbsp;explique por escrito qu\u00e9 sucedi\u00f3 durante el robo y ratifiquen lo dicho por el auditor.<\/p>\n\n\n\n<p>Adem\u00e1s, confirm\u00f3 que el municipio realiz\u00f3 una\u00a0 presentaci\u00f3n conjunta con R\u00edo Turbio ante el Tribunal de Cuentas por esta situaci\u00f3n.<\/p>\n\n\n\n<p>Por otra parte, el secretario de Legal y T\u00e9cnica detall\u00f3 que el municipio tiene presentado ante el Consejo Deliberante rendiciones hasta el primer cuatrimestre del a\u00f1o 2025 -que est\u00e1 pendiente de revisi\u00f3n y resoluci\u00f3n- y record\u00f3 que actualmente se encuentran en an\u00e1lisis las rendiciones correspondientes a los a\u00f1os\u00a0<strong>2018 y 2019<\/strong>, per\u00edodos a cargo de\u00a0<strong>Roberto Giubetich y Fabi\u00e1n Leguizam\u00f3n<\/strong>.<\/p>\n\n\n\n<p>\u201cSeguimos detectando irregularidades en esas gestiones. Por eso insistimos en que se act\u00fae con claridad. Nos preocupa c\u00f3mo, incluso antes de que hubiera pericias, algunas autoridades hablaron de faltantes dentro del Tribunal. Eso genera muchas dudas\u201d, advirti\u00f3.<\/p>\n\n\n\n<h3>Contexto pol\u00edtico y pedido de transparencia<\/h3>\n\n\n\n<p>En paralelo, Chute vincul\u00f3 la preocupaci\u00f3n por el robo con el debate pol\u00edtico provincial. Hizo referencia al proyecto de ley que busca modificar la composici\u00f3n del\u00a0<strong>Tribunal Superior de Justicia<\/strong>, lo que \u2013seg\u00fan \u00e9l\u2013 representa \u201cun riesgo para la divisi\u00f3n de poderes\u201d.<\/p>\n\n\n\n<p>\u201cPedimos claridad en los hechos y que se diga lo que realmente pas\u00f3 de forma formal, m\u00e1s a\u00fan en un momento en que el gobierno provincial quiere avanzar con una ley que tendr\u00e1 consecuencias graves, como ocurri\u00f3 a nivel nacional en los \u201890\u201d, expres\u00f3.<\/p>\n\n\n\n<h3>Pr\u00f3ximos pasos en la investigaci\u00f3n<\/h3>\n\n\n\n<p>La Justicia analizar\u00e1 ahora las c\u00e1maras de seguridad del Tribunal y de la zona para identificar a los responsables. Mientras tanto, los municipios de R\u00edo Gallegos y R\u00edo Turbio reiteraron que toda la\u00a0<strong>documentaci\u00f3n contable y financiera se encuentra resguardada tanto en soporte f\u00edsico como digital<\/strong>.<\/p>\n\n\n\n<p><strong>Fuente: laopinionaustral.com.ar<\/strong><\/p>\n","protected":false},"excerpt":{"rendered":"<p>El robo al&nbsp;Tribunal de Cuentas de la provincia de Santa Cruz, ocurrido en las \u00faltimas horas del mi\u00e9rcoles en el edificio ubicado en Alberdi y Espa\u00f1a, gener\u00f3 fuerte preocupaci\u00f3n institucional. En el lugar trabajaron efectivos del&nbsp;Comando de Patrullas, de la&nbsp;Comisar\u00eda Primera&nbsp;y, posteriormente, personal de la&nbsp;Divisi\u00f3n Criminal\u00edstica, que levant\u00f3 indicios para avanzar en la investigaci\u00f3n. La [&hellip;]<\/p>\n","protected":false},"author":5,"featured_media":7467,"comment_status":"open","ping_status":"open","sticky":false,"template":"","format":"standard","meta":[],"categories":[8],"tags":[],"_links":{"self":[{"href":"https:\/\/politicapatagonica.com\/index.php\/wp-json\/wp\/v2\/posts\/7466"}],"collection":[{"href":"https:\/\/politicapatagonica.com\/index.php\/wp-json\/wp\/v2\/posts"}],"about":[{"href":"https:\/\/politicapatagonica.com\/index.php\/wp-json\/wp\/v2\/types\/post"}],"author":[{"embeddable":true,"href":"https:\/\/politicapatagonica.com\/index.php\/wp-json\/wp\/v2\/users\/5"}],"replies":[{"embeddable":true,"href":"https:\/\/politicapatagonica.com\/index.php\/wp-json\/wp\/v2\/comments?post=7466"}],"version-history":[{"count":1,"href":"https:\/\/politicapatagonica.com\/index.php\/wp-json\/wp\/v2\/posts\/7466\/revisions"}],"predecessor-version":[{"id":7468,"href":"https:\/\/politicapatagonica.com\/index.php\/wp-json\/wp\/v2\/posts\/7466\/revisions\/7468"}],"wp:featuredmedia":[{"embeddable":true,"href":"https:\/\/politicapatagonica.com\/index.php\/wp-json\/wp\/v2\/media\/7467"}],"wp:attachment":[{"href":"https:\/\/politicapatagonica.com\/index.php\/wp-json\/wp\/v2\/media?parent=7466"}],"wp:term":[{"taxonomy":"category","embeddable":true,"href":"https:\/\/politicapatagonica.com\/index.php\/wp-json\/wp\/v2\/categories?post=7466"},{"taxonomy":"post_tag","embeddable":true,"href":"https:\/\/politicapatagonica.com\/index.php\/wp-json\/wp\/v2\/tags?post=7466"}],"curies":[{"name":"wp","href":"https:\/\/api.w.org\/{rel}","templated":true}]}}