{"id":7462,"date":"2025-08-28T00:11:34","date_gmt":"2025-08-28T00:11:34","guid":{"rendered":"https:\/\/politicapatagonica.com\/?p=7462"},"modified":"2025-08-28T00:11:34","modified_gmt":"2025-08-28T00:11:34","slug":"torres-recibio-a-la-federacion-empresaria-de-chubut-asistencia-alivio-fiscal-y-promocion-del-compre-local","status":"publish","type":"post","link":"https:\/\/politicapatagonica.com\/index.php\/2025\/08\/28\/torres-recibio-a-la-federacion-empresaria-de-chubut-asistencia-alivio-fiscal-y-promocion-del-compre-local\/","title":{"rendered":"Torres recibi\u00f3 a la Federaci\u00f3n Empresaria de Chubut: asistencia, alivio fiscal y promoci\u00f3n del Compre local"},"content":{"rendered":"\n<p><strong>El gobernador Ignacio \u201cNacho\u201d Torres recibi\u00f3 este mi\u00e9rcoles en Rawson al presidente de la Federaci\u00f3n Empresaria del Chubut (FECh), Carlos Lorenzo, y a representantes de distintas C\u00e1maras de Comercio, Industria y Producci\u00f3n de la provincia.<\/strong> Durante el encuentro realizado en la Sala de Situaci\u00f3n de Casa de Gobierno, se abord\u00f3 un amplio temario vinculado con la actividad productiva regional y el trazado de un esquema de trabajo coordinado entre los sectores p\u00fablico y privado para \u201cfortalecer la industria local y sostener los puestos de trabajo en un contexto econ\u00f3mico desfavorable a nivel nacional\u201d.<\/p>\n\n\n\n<p><strong>En el marco de la reuni\u00f3n, y tras un pedido expreso de la Federaci\u00f3n, el mandatario chubutense anunci\u00f3 el env\u00edo a la Legislatura de un proyecto de Ley de Regularizaci\u00f3n Tributaria. <\/strong>\u201cSeguimos avanzando firme en un r\u00e9gimen de alivio fiscal que promueva el crecimiento del entramado productivo de la provincia\u201d, sostuvo el gobernador, y explic\u00f3 que la iniciativa apunta a \u201cmorigerar intereses y multas y suspender embargos preventivos a las peque\u00f1as y medianas empresas, que son el verdadero motor econ\u00f3mico de Chubut\u201d.<\/p>\n\n\n\n<p><strong>Asistencia y acompa\u00f1amiento<\/strong><\/p>\n\n\n\n<p>Torres adelant\u00f3, asimismo, que<strong> se extender\u00e1 la Ley de Emergencia Comercial declarada en 2024 en toda la provincia, y asegur\u00f3 que \u201cel Estado va a seguir asistiendo y acompa\u00f1ando al sector, <\/strong>porque son las industrias las que impulsan el desarrollo de Chubut y las que m\u00e1s trabajo generan\u201d.<\/p>\n\n\n\n<p>Por otra parte, el gobernador se refiri\u00f3 a una inquietud presentada por representantes de las c\u00e1maras empresarias relacionada a la carpeta de cr\u00e9dito del Banco del Chubut. \u201cEstoy personalmente al frente de este tema para lograr una mayor eficiencia y optimizaci\u00f3n de los formularios\u201d, indic\u00f3.<\/p>\n\n\n\n<p><strong>La iniciativa \u201cCompre Local\u201d tambi\u00e9n form\u00f3 parte de la agenda de temas tratada durante el encuentro. Al respecto, el titular del Ejecutivo manifest\u00f3 que \u201cse est\u00e1 trabajando en un proyecto de Ley serio, sin demagogia, que fija condiciones y establece que, ante paridad o mejoramiento de ofertas, se optar\u00e1 por la contrataci\u00f3n de proveedores locales para bienes y servicios\u201d. <\/strong>En ese sentido, Torres sostuvo que \u201ccon esto, lo que estamos buscando es la sana competencia, pero tambi\u00e9n la obligaci\u00f3n del Estado en la promoci\u00f3n y el uso de proveedores locales\u201d.<\/p>\n\n\n\n<p><strong>Amplia participaci\u00f3n<\/strong><\/p>\n\n\n\n<p><strong>Adem\u00e1s de Torres y Lorenzo, del encuentro participaron el vicepresidente de la FECh, Daniel G\u00f3ngora, y los titulares de distintas C\u00e1maras de Comercio, Industria y Producci\u00f3n de la provincia: C\u00e9sar Pailacura (Chubut), Aldo Locardi (Rawson), Sebasti\u00e1n Aguirre (Comodoro Rivadavia), Marcia Sastre (Paso de Indios), Sergio Guajardo (El Mait\u00e9n), Mariano Ragadale (Puerto Madryn), Pablo Dur\u00e1n (Trevelin), Alejandro Rechene (Lago Puelo), Gabriel Godoy (Este del Chubut), Claudio Selva (Oeste provincial), Gustavo Boy\u00e9 (Epuy\u00e9n), Juan Gonz\u00e1lez (Sarmiento) y Jorge Mart\u00ednez (Gaiman).<\/strong><\/p>\n\n\n\n<p>Tambi\u00e9n estuvieron presentes Nicol\u00e1s Zurakoski (C\u00e1mara de Empresas y Emprendedores en Tecnolog\u00edas de Informaci\u00f3n y Comunicaciones &#8211; <strong>CAMEETIC<\/strong>), Carlos Montenegro (C\u00e1mara de Comercio, Turismo, Servicios e Industria de la Meseta <strong>&#8211; CAMECCH)<\/strong>, Viviana Marasco (<strong>directora de Mujeres CAME Chubut)<\/strong>, entre otras autoridades, secretarios e integrantes de las distintas entidades.<\/p>\n\n\n\n<p><strong>Fuente: www.elchubut.com.ar<\/strong><\/p>\n","protected":false},"excerpt":{"rendered":"<p>El gobernador Ignacio \u201cNacho\u201d Torres recibi\u00f3 este mi\u00e9rcoles en Rawson al presidente de la Federaci\u00f3n Empresaria del Chubut (FECh), Carlos Lorenzo, y a representantes de distintas C\u00e1maras de Comercio, Industria y Producci\u00f3n de la provincia. Durante el encuentro realizado en la Sala de Situaci\u00f3n de Casa de Gobierno, se abord\u00f3 un amplio temario vinculado con [&hellip;]<\/p>\n","protected":false},"author":5,"featured_media":7463,"comment_status":"open","ping_status":"open","sticky":false,"template":"","format":"standard","meta":[],"categories":[14],"tags":[],"_links":{"self":[{"href":"https:\/\/politicapatagonica.com\/index.php\/wp-json\/wp\/v2\/posts\/7462"}],"collection":[{"href":"https:\/\/politicapatagonica.com\/index.php\/wp-json\/wp\/v2\/posts"}],"about":[{"href":"https:\/\/politicapatagonica.com\/index.php\/wp-json\/wp\/v2\/types\/post"}],"author":[{"embeddable":true,"href":"https:\/\/politicapatagonica.com\/index.php\/wp-json\/wp\/v2\/users\/5"}],"replies":[{"embeddable":true,"href":"https:\/\/politicapatagonica.com\/index.php\/wp-json\/wp\/v2\/comments?post=7462"}],"version-history":[{"count":1,"href":"https:\/\/politicapatagonica.com\/index.php\/wp-json\/wp\/v2\/posts\/7462\/revisions"}],"predecessor-version":[{"id":7464,"href":"https:\/\/politicapatagonica.com\/index.php\/wp-json\/wp\/v2\/posts\/7462\/revisions\/7464"}],"wp:featuredmedia":[{"embeddable":true,"href":"https:\/\/politicapatagonica.com\/index.php\/wp-json\/wp\/v2\/media\/7463"}],"wp:attachment":[{"href":"https:\/\/politicapatagonica.com\/index.php\/wp-json\/wp\/v2\/media?parent=7462"}],"wp:term":[{"taxonomy":"category","embeddable":true,"href":"https:\/\/politicapatagonica.com\/index.php\/wp-json\/wp\/v2\/categories?post=7462"},{"taxonomy":"post_tag","embeddable":true,"href":"https:\/\/politicapatagonica.com\/index.php\/wp-json\/wp\/v2\/tags?post=7462"}],"curies":[{"name":"wp","href":"https:\/\/api.w.org\/{rel}","templated":true}]}}