{"id":7459,"date":"2025-08-28T00:03:51","date_gmt":"2025-08-28T00:03:51","guid":{"rendered":"https:\/\/politicapatagonica.com\/?p=7459"},"modified":"2025-08-28T00:03:51","modified_gmt":"2025-08-28T00:03:51","slug":"el-pj-se-reagrupa-y-fuerza-patria-arma-un-acto-en-roca","status":"publish","type":"post","link":"https:\/\/politicapatagonica.com\/index.php\/2025\/08\/28\/el-pj-se-reagrupa-y-fuerza-patria-arma-un-acto-en-roca\/","title":{"rendered":"El PJ se reagrupa y Fuerza Patria arma un acto en Roca"},"content":{"rendered":"\n<p><strong>El peronismo est\u00e1 en proceso de reagrupaci\u00f3n, tras la fallida experiencia del Gran Acuerdo. Dirigentes que se hab\u00edan alejado, intendentes con buena vecindad con el oficialismo, y ex integrantes del Gobierno<\/strong> vuelven al redil en este proceso que tiene como protagonista a Fuerza Patria. La detenci\u00f3n de Cristina y la expectativa de futuro, otro factor aglutinante.<\/p>\n\n\n\n<p><strong>&#8220;Saludo con profundo respeto la decisi\u00f3n valiente de las y los compa\u00f1eros que eligen volver a las fuentes, a sus convicciones y a la lucha por una patria justa, libre y soberana&#8221;,<\/strong> poste\u00f3 en sus rede sociales el intendente de Conesa y consejero del partido, H\u00e9ctor Leineker. La publicaci\u00f3n surgi\u00f3 tras las declaraciones del ex comisionado de fomento de San Javier, Javier Garavaglia, y los movimientos que, por el momento, no son p\u00fablicos.<\/p>\n\n\n\n<p><strong>Algunos de los retornos podr\u00e1n visualizarse en el acto que Fuerza Patria prepara en Roca,<\/strong> seg\u00fan indicaron sus organizadores. All\u00ed, el viernes, se presentar\u00e1n a los candidatos a diputados y senadores del espacio que competir\u00e1n en las elecciones del 26 de octubre. Ser\u00e1s a las 19.30, en el sal\u00f3n de la Asociaci\u00f3n Espa\u00f1ola.<\/p>\n\n\n\n<p><strong>&#8220;Volver al peronismo<\/strong>&#8220;<\/p>\n\n\n\n<p>El gesto de Javier Garavaglia no es un hecho aislado: expresa el hartazgo ante la derechizaci\u00f3n de un proyecto que alguna vez se construy\u00f3 en unidad con el peronismo, y que hoy le da la espalda al pueblo votando todas las leyes de Milei, indic\u00f3 Leineker. Volver al peronismo es volver a creer. Es recuperar la esperanza de que otra provincia y otra Argentina son posibles, agreg\u00f3.<\/p>\n\n\n\n<p>El intendente subray\u00f3:<strong> &#8220;Abrimos los brazos a cada compa\u00f1ero y compa\u00f1era que quiera sumar su fuerza al frente nacional y provincial que necesitamos para frenar el desastre y volver a gobernar para las mayor\u00edas&#8221;.<\/strong> No hay destino si no es colectivo. Volver a encontrarnos es el primer paso para recuperar R\u00edo Negro, y con ella, la Patria, concluy\u00f3.<\/p>\n\n\n\n<p><strong>Cristina<\/strong><\/p>\n\n\n\n<p><strong>En inmediaciones de Fuerza Patria aseguran que la unidad responde, en parte, al ataque a la democracia y al peronismo tras detenci\u00f3n de Cristina Kirchner. Tambi\u00e9n alegan que muchos advierten que hay futuro en referencia al 2027.<\/strong><\/p>\n\n\n\n<p>Sin dudas, parte de ese futuro se juega en las elecciones de este a\u00f1o, y la suerte del partido y el frente depender\u00e1 de su desempe\u00f1o en las urnas.<\/p>\n\n\n\n<p><strong>Fuente: www.adnrionegro.com.ar<\/strong><\/p>\n","protected":false},"excerpt":{"rendered":"<p>El peronismo est\u00e1 en proceso de reagrupaci\u00f3n, tras la fallida experiencia del Gran Acuerdo. Dirigentes que se hab\u00edan alejado, intendentes con buena vecindad con el oficialismo, y ex integrantes del Gobierno vuelven al redil en este proceso que tiene como protagonista a Fuerza Patria. La detenci\u00f3n de Cristina y la expectativa de futuro, otro factor [&hellip;]<\/p>\n","protected":false},"author":5,"featured_media":7460,"comment_status":"open","ping_status":"open","sticky":false,"template":"","format":"standard","meta":[],"categories":[13],"tags":[],"_links":{"self":[{"href":"https:\/\/politicapatagonica.com\/index.php\/wp-json\/wp\/v2\/posts\/7459"}],"collection":[{"href":"https:\/\/politicapatagonica.com\/index.php\/wp-json\/wp\/v2\/posts"}],"about":[{"href":"https:\/\/politicapatagonica.com\/index.php\/wp-json\/wp\/v2\/types\/post"}],"author":[{"embeddable":true,"href":"https:\/\/politicapatagonica.com\/index.php\/wp-json\/wp\/v2\/users\/5"}],"replies":[{"embeddable":true,"href":"https:\/\/politicapatagonica.com\/index.php\/wp-json\/wp\/v2\/comments?post=7459"}],"version-history":[{"count":1,"href":"https:\/\/politicapatagonica.com\/index.php\/wp-json\/wp\/v2\/posts\/7459\/revisions"}],"predecessor-version":[{"id":7461,"href":"https:\/\/politicapatagonica.com\/index.php\/wp-json\/wp\/v2\/posts\/7459\/revisions\/7461"}],"wp:featuredmedia":[{"embeddable":true,"href":"https:\/\/politicapatagonica.com\/index.php\/wp-json\/wp\/v2\/media\/7460"}],"wp:attachment":[{"href":"https:\/\/politicapatagonica.com\/index.php\/wp-json\/wp\/v2\/media?parent=7459"}],"wp:term":[{"taxonomy":"category","embeddable":true,"href":"https:\/\/politicapatagonica.com\/index.php\/wp-json\/wp\/v2\/categories?post=7459"},{"taxonomy":"post_tag","embeddable":true,"href":"https:\/\/politicapatagonica.com\/index.php\/wp-json\/wp\/v2\/tags?post=7459"}],"curies":[{"name":"wp","href":"https:\/\/api.w.org\/{rel}","templated":true}]}}