{"id":7456,"date":"2025-08-27T20:21:27","date_gmt":"2025-08-27T20:21:27","guid":{"rendered":"https:\/\/politicapatagonica.com\/?p=7456"},"modified":"2025-08-27T20:21:28","modified_gmt":"2025-08-27T20:21:28","slug":"reconocimiento-a-familias-de-acogimiento","status":"publish","type":"post","link":"https:\/\/politicapatagonica.com\/index.php\/2025\/08\/27\/reconocimiento-a-familias-de-acogimiento\/","title":{"rendered":"Reconocimiento a familias de acogimiento"},"content":{"rendered":"\n<p><br>El gobernador Gustavo Melella encabez\u00f3 un encuentro en Casa de Gobierno con familias que integran el Programa de Acogimiento Familiar. All\u00ed les expres\u00f3 un reconocimiento por su compromiso, solidaridad y acompa\u00f1amiento hacia ni\u00f1os, ni\u00f1as y adolescentes que atraviesan situaciones de vulnerabilidad y requieren cuidados temporales.<\/p>\n\n\n\n<p>De la reuni\u00f3n participaron la vicegobernadora M\u00f3nica Urquiza, la ministra de Bienestar Ciudadano y Justicia, Adriana Chapper\u00f3n, y el secretario de Ni\u00f1ez, Adolescencia y Familia, Mariano Ponce.<\/p>\n\n\n\n<p>Durante el acto, Melella destac\u00f3 la tarea de las familias. \u201cHoy reconocemos a estas familias y a otras de la provincia por ese cari\u00f1o, por dar lugar, acompa\u00f1ar y ayudar a sanar las heridas de los chicos y chicas que sufren situaciones complicadas\u201d, se\u00f1al\u00f3. Y agreg\u00f3: \u201cQuiero agradecerles en nombre del Gobierno, en nombre de la Provincia, de un pueblo, porque mucha gente no sabe esto que hacen y son realmente un ejemplo. Ese amor que entregan, aunque sea por un tiempo, permanece para toda la vida\u201d.<\/p>\n\n\n\n<p>Por su parte, el secretario Mariano Ponce explic\u00f3 que el objetivo del encuentro fue visibilizar y resignificar el rol de las familias de acogimiento. \u201cQuer\u00edamos reconocer la tarea significativa y solidaria que realizan, escuchar sus experiencias y a partir de all\u00ed generar una red que permita sumar m\u00e1s familias al programa\u201d, indic\u00f3.<\/p>\n\n\n\n<p>Actualmente, el Programa de Acogimiento Familiar cuenta con alrededor de 65 familias en toda la provincia, que brindan cuidado a unos 80 ni\u00f1os, ni\u00f1as y adolescentes, ya sea hermanos o menores sin compa\u00f1\u00eda. En esta ocasi\u00f3n, se hicieron presentes 12 familias que actualmente acompa\u00f1an a unos 20 chicos y chicas.<\/p>\n\n\n\n<p>Ponce record\u00f3 que quienes est\u00e9n interesados en sumarse pueden inscribirse a trav\u00e9s de la p\u00e1gina oficial del Gobierno, en la secci\u00f3n del Ministerio de Bienestar Ciudadano y Justicia. \u201cAll\u00ed encontrar\u00e1n la forma de registrarse y luego nos comunicaremos para avanzar en el proceso\u201d, explic\u00f3.<\/p>\n\n\n\n<p>El Gobierno provincial busca fortalecer esta pol\u00edtica p\u00fablica que ofrece un entorno afectivo y seguro a ni\u00f1os y ni\u00f1as que atraviesan momentos dif\u00edciles, promoviendo la solidaridad comunitaria y el compromiso social.<\/p>\n\n\n\n<p>Visita de alumnos del Monse\u00f1or Fagnano<\/p>\n\n\n\n<p>Alumnos de 5\u00ba grado de la Escuela Provincial Monse\u00f1or Fagnano visitaron ayer Casa de Gobierno, en el marco del proyecto educativo \u201cConstruyendo Ciudadan\u00eda desde el Fin del Mundo\u201d.<\/p>\n\n\n\n<p>Durante la jornada, los estudiantes recorrieron distintas \u00e1reas de Casa de Gobierno y visitaron el Sal\u00f3n Lasserre, donde mantuvieron un di\u00e1logo con el Gobernador y el Ministro Jefe de Gabinete, Agust\u00edn Tita, sobre la importancia de los poderes de la provincia y el rol de las instituciones en la vida democr\u00e1tica.<\/p>\n\n\n\n<p>El proyecto escolar busca concientizar sobre el valor de las instituciones provinciales, promover la participaci\u00f3n ciudadana y generar instancias inclusivas para que los ni\u00f1os y ni\u00f1as conozcan, disfruten y se apropien de los espacios de Gobierno.<\/p>\n\n\n\n<p><strong>Fuente: www.eldiariodelfindelmundo.com<\/strong><\/p>\n","protected":false},"excerpt":{"rendered":"<p>El gobernador Gustavo Melella encabez\u00f3 un encuentro en Casa de Gobierno con familias que integran el Programa de Acogimiento Familiar. All\u00ed les expres\u00f3 un reconocimiento por su compromiso, solidaridad y acompa\u00f1amiento hacia ni\u00f1os, ni\u00f1as y adolescentes que atraviesan situaciones de vulnerabilidad y requieren cuidados temporales. De la reuni\u00f3n participaron la vicegobernadora M\u00f3nica Urquiza, la ministra [&hellip;]<\/p>\n","protected":false},"author":5,"featured_media":7457,"comment_status":"open","ping_status":"open","sticky":false,"template":"","format":"standard","meta":[],"categories":[11],"tags":[],"_links":{"self":[{"href":"https:\/\/politicapatagonica.com\/index.php\/wp-json\/wp\/v2\/posts\/7456"}],"collection":[{"href":"https:\/\/politicapatagonica.com\/index.php\/wp-json\/wp\/v2\/posts"}],"about":[{"href":"https:\/\/politicapatagonica.com\/index.php\/wp-json\/wp\/v2\/types\/post"}],"author":[{"embeddable":true,"href":"https:\/\/politicapatagonica.com\/index.php\/wp-json\/wp\/v2\/users\/5"}],"replies":[{"embeddable":true,"href":"https:\/\/politicapatagonica.com\/index.php\/wp-json\/wp\/v2\/comments?post=7456"}],"version-history":[{"count":1,"href":"https:\/\/politicapatagonica.com\/index.php\/wp-json\/wp\/v2\/posts\/7456\/revisions"}],"predecessor-version":[{"id":7458,"href":"https:\/\/politicapatagonica.com\/index.php\/wp-json\/wp\/v2\/posts\/7456\/revisions\/7458"}],"wp:featuredmedia":[{"embeddable":true,"href":"https:\/\/politicapatagonica.com\/index.php\/wp-json\/wp\/v2\/media\/7457"}],"wp:attachment":[{"href":"https:\/\/politicapatagonica.com\/index.php\/wp-json\/wp\/v2\/media?parent=7456"}],"wp:term":[{"taxonomy":"category","embeddable":true,"href":"https:\/\/politicapatagonica.com\/index.php\/wp-json\/wp\/v2\/categories?post=7456"},{"taxonomy":"post_tag","embeddable":true,"href":"https:\/\/politicapatagonica.com\/index.php\/wp-json\/wp\/v2\/tags?post=7456"}],"curies":[{"name":"wp","href":"https:\/\/api.w.org\/{rel}","templated":true}]}}