{"id":7452,"date":"2025-08-26T22:51:17","date_gmt":"2025-08-26T22:51:17","guid":{"rendered":"https:\/\/politicapatagonica.com\/?p=7452"},"modified":"2025-08-26T22:51:18","modified_gmt":"2025-08-26T22:51:18","slug":"arranco-la-campana-curciarello-dice-que-ravier-y-matzkin-son-lo-mas-rancio-de-la-politica","status":"publish","type":"post","link":"https:\/\/politicapatagonica.com\/index.php\/2025\/08\/26\/arranco-la-campana-curciarello-dice-que-ravier-y-matzkin-son-lo-mas-rancio-de-la-politica\/","title":{"rendered":"Arranc\u00f3 la campa\u00f1a: Curciarello dice que Ravier y Matzkin &#8220;son lo m\u00e1s rancio de la pol\u00edtica&#8221;"},"content":{"rendered":"\n<p><strong>Se pic\u00f3 la campa\u00f1a con vistas a las elecciones legislativas del 26 de octubre<\/strong>. En coincidencia con el inicio legal de la actividad proselitista, el&nbsp;<strong>cruce entre el peronismo y La Libertad Avanza&nbsp;<\/strong>se ca\u00edda de maduro. El que tir\u00f3 la primera piedra fue el ministro de Conectividad y Modernizaci\u00f3n,&nbsp;<strong>Antonio Curciarello<\/strong>, quien le tir\u00f3 por elevaci\u00f3n a&nbsp;<strong>Adri\u00e1n Ravier y Mart\u00edn Matzkin<\/strong>, los candidatos libertarios.<\/p>\n\n\n\n<p><strong>&#8220;Ravier y Matzkin son j\u00f3venes en edad, pero representan lo m\u00e1s viejo y rancio de la pol\u00edtica&#8221;<\/strong>, asever\u00f3 el funcionario provincial.&nbsp;<\/p>\n\n\n\n<p><strong>&#8220;Matzkin podr\u00e1 tener una edad relativamente joven, pero representa lo m\u00e1s rancio y viejo de la pol\u00edtica pampeana y del pa\u00eds. <\/strong>Y Ravier, que viene de la Fundaci\u00f3n Faro con Agust\u00edn Laje, es uno de los m\u00e1s conservadores que existen.\u00a0<strong>Son retr\u00f3grados, negacionistas. No es una discusi\u00f3n generacional<\/strong>&#8220;, insisti\u00f3.<\/p>\n\n\n\n<p>Quiso contrastar as\u00ed con la lista del peronismo, encabezada por&nbsp;<strong>Abelardo Ferr\u00e1n<\/strong>. Agreg\u00f3: &#8220;la discusi\u00f3n no es qui\u00e9n tiene m\u00e1s a\u00f1os o menos a\u00f1os, sino qui\u00e9n defiende a la provincia y qui\u00e9n quiere desguazar al Estado. En eso, la lista del peronismo da garant\u00edas claras de qu\u00e9 modelo va a defender&#8221;.<\/p>\n\n\n\n<p>&#8220;<strong>Mucho m\u00e1s frescos, innovadores y modernos son Lichi Mar\u00edn o el Cefe (Almud\u00e9var) que cualquiera de ellos<\/strong>, pero por lejos&#8221;, insisti\u00f3 en su chicana a los libertarios.<\/p>\n\n\n\n<p>El ministro respald\u00f3&nbsp;<strong>la lista de &#8220;Defendemos La Pampa&#8221;<\/strong>: &#8220;lo importante es que la gente sepa cu\u00e1les son los valores que representamos. Que no vamos a permitir que se siga golpeando a los jubilados, que se desfinancie la educaci\u00f3n p\u00fablica, que se desmantele la universidad. Eso es lo que expresa la lista&#8221;, enumer\u00f3 en el programa &#8220;Se Pic\u00f3&#8221;.<\/p>\n\n\n\n<p>&#8220;Pensamos un pa\u00eds distinto del que propone el Presidente. Nos rompe el alma ver testimonios de jubilados que tienen que elegir entre almorzar o cenar. Ese es el contraste&#8221;, complet\u00f3.<\/p>\n\n\n\n<p><strong>Fuente: www.eldiariodelapampa.com.ar<\/strong><\/p>\n","protected":false},"excerpt":{"rendered":"<p>Se pic\u00f3 la campa\u00f1a con vistas a las elecciones legislativas del 26 de octubre. En coincidencia con el inicio legal de la actividad proselitista, el&nbsp;cruce entre el peronismo y La Libertad Avanza&nbsp;se ca\u00edda de maduro. El que tir\u00f3 la primera piedra fue el ministro de Conectividad y Modernizaci\u00f3n,&nbsp;Antonio Curciarello, quien le tir\u00f3 por elevaci\u00f3n a&nbsp;Adri\u00e1n [&hellip;]<\/p>\n","protected":false},"author":5,"featured_media":7453,"comment_status":"open","ping_status":"open","sticky":false,"template":"","format":"standard","meta":[],"categories":[10],"tags":[],"_links":{"self":[{"href":"https:\/\/politicapatagonica.com\/index.php\/wp-json\/wp\/v2\/posts\/7452"}],"collection":[{"href":"https:\/\/politicapatagonica.com\/index.php\/wp-json\/wp\/v2\/posts"}],"about":[{"href":"https:\/\/politicapatagonica.com\/index.php\/wp-json\/wp\/v2\/types\/post"}],"author":[{"embeddable":true,"href":"https:\/\/politicapatagonica.com\/index.php\/wp-json\/wp\/v2\/users\/5"}],"replies":[{"embeddable":true,"href":"https:\/\/politicapatagonica.com\/index.php\/wp-json\/wp\/v2\/comments?post=7452"}],"version-history":[{"count":1,"href":"https:\/\/politicapatagonica.com\/index.php\/wp-json\/wp\/v2\/posts\/7452\/revisions"}],"predecessor-version":[{"id":7454,"href":"https:\/\/politicapatagonica.com\/index.php\/wp-json\/wp\/v2\/posts\/7452\/revisions\/7454"}],"wp:featuredmedia":[{"embeddable":true,"href":"https:\/\/politicapatagonica.com\/index.php\/wp-json\/wp\/v2\/media\/7453"}],"wp:attachment":[{"href":"https:\/\/politicapatagonica.com\/index.php\/wp-json\/wp\/v2\/media?parent=7452"}],"wp:term":[{"taxonomy":"category","embeddable":true,"href":"https:\/\/politicapatagonica.com\/index.php\/wp-json\/wp\/v2\/categories?post=7452"},{"taxonomy":"post_tag","embeddable":true,"href":"https:\/\/politicapatagonica.com\/index.php\/wp-json\/wp\/v2\/tags?post=7452"}],"curies":[{"name":"wp","href":"https:\/\/api.w.org\/{rel}","templated":true}]}}