{"id":7449,"date":"2025-08-26T22:40:20","date_gmt":"2025-08-26T22:40:20","guid":{"rendered":"https:\/\/politicapatagonica.com\/?p=7449"},"modified":"2025-08-26T22:40:21","modified_gmt":"2025-08-26T22:40:21","slug":"mas-alla-de-vaca-muerta-neuquen-epicentro-de-la-integracion-laboral-con-chile","status":"publish","type":"post","link":"https:\/\/politicapatagonica.com\/index.php\/2025\/08\/26\/mas-alla-de-vaca-muerta-neuquen-epicentro-de-la-integracion-laboral-con-chile\/","title":{"rendered":"M\u00e1s all\u00e1 de Vaca Muerta: Neuqu\u00e9n, epicentro de la integraci\u00f3n laboral con Chile"},"content":{"rendered":"\n<p>El\u00a0Centro de Empleados de Comercio de Neuqu\u00e9n (CEC)\u00a0fue sede del lanzamiento del\u00a0<strong>Foro Binacional Tripartito para la Promoci\u00f3n del Trabajo Decente,<\/strong>\u00a0que se realizar\u00e1 el pr\u00f3ximo\u00a0<strong>11 de septiembre en el Predio Recreativo del CEC en Plottier.<\/strong>\u00a0El evento, que reunir\u00e1 a<strong>\u00a0representantes del Estado, sindicatos y empresas de Argentina y Chile<\/strong>, busca abordar la situaci\u00f3n del empleo en el marco de la integraci\u00f3n fronteriza.\u00a0<strong>&#8220;No es solo Vaca Muerta<\/strong>&#8220;, destacaron los participantes, quienes valoraron los puestos de trabajo en Comercio y Servicios.<\/p>\n\n\n\n<p>La presentaci\u00f3n del foro estuvo encabezada por el secretario general del CEC,<strong>&nbsp;Ram\u00f3n Fern\u00e1ndez,<\/strong>&nbsp;el ministro de Trabajo y Desarrollo Laboral,&nbsp;<strong>Lucas Castelli<\/strong>, y el presidente de la Federaci\u00f3n de Entidades Empresarias Neuquinas (FEEN),<strong>&nbsp;Fernando Zurita.<\/strong>&nbsp;Tambi\u00e9n estuvieron presentes otras autoridades y representantes del sector.<\/p>\n\n\n\n<p>Ram\u00f3n Fern\u00e1ndez, secretario general del CEC y diputado provincial, destac\u00f3 la importancia de fomentar la integraci\u00f3n argentino-chilena desde el punto de vista sociolaboral, con el fin de mejorar la calidad del empleo.<\/p>\n\n\n\n<p>Por su parte, el ministro Lucas Castelli, resalt\u00f3 que el sector del<strong>\u00a0comercio y servicios representa el 29% del empleo registrado en la provincia<\/strong>, lo que lo convierte en un &#8220;gran socio estrat\u00e9gico&#8221;.<\/p>\n\n\n\n<h2>Neuqu\u00e9n y Chile unidos por los derechos laborales: de qu\u00e9 se trata el acuerdo<\/h2>\n\n\n\n<p>El foro, que cuenta con el aval de la Organizaci\u00f3n Internacional del Trabajo (OIT), es impulsado por la Confederaci\u00f3n de Sindicatos de Comercio del Mercosur m\u00e1s Chile (UNICOM), el CEC y la<strong>&nbsp;Confederaci\u00f3n de Trabajadores del Comercio, la Producci\u00f3n y los Servicios de Chile (CONATRACOPS).<\/strong><\/p>\n\n\n\n<p>Este encuentro busca establecer un Consejo gestor binacional y tripartito que articular\u00e1 y planificar\u00e1 la agenda de temas a tratar. La jornada estar\u00e1 dividida en paneles con profesionales de las distintas organizaciones, que abordar\u00e1n la actualidad de las relaciones laborales entre ambos pa\u00edses y las estrategias de integraci\u00f3n regional.<\/p>\n\n\n\n<p>El presidente de la FEEN, Fernando Zurita, agradeci\u00f3 la invitaci\u00f3n y se\u00f1al\u00f3 que Neuqu\u00e9n no es s\u00f3lo Vaca Muerta, reconociendo la importancia de los empleados de comercio en toda la provincia.<\/p>\n\n\n\n<p>En el mismo sentido, el ministro Castelli, enfatiz\u00f3 que en un momento en que se promueve el s\u00e1lvese quien pueda y el individualismo,\u00a0<strong>nosotros vamos a estar hablando de un foro binacional para trabajar con los hermanos chilenos<\/strong>, con quienes compartimos distintas actividades econ\u00f3micas.<\/p>\n\n\n\n<h2>El D\u00eda del Empleado de Comercio ser\u00e1 feriado: cu\u00e1ndo es<\/h2>\n\n\n\n<p>Durante el mismo evento, se firm\u00f3 el acuerdo entre el CEC y la FEEN, refrendado por el Ministerio de Trabajo, que establece que&nbsp;<strong>el feriado por el D\u00eda del Empleado de Comercio de 2025 ser\u00e1 el lunes 29 de septiembre.<\/strong><\/p>\n\n\n\n<p>La Ley Nacional 26.541 instituye el 26 de septiembre como feriado nacional no laborable, pero se traslada al \u00faltimo lunes del mes para que los trabajadores puedan celebrar su d\u00eda.<\/p>\n\n\n\n<p><strong>Fuente: www.rionegro.com.ar<\/strong><\/p>\n","protected":false},"excerpt":{"rendered":"<p>El\u00a0Centro de Empleados de Comercio de Neuqu\u00e9n (CEC)\u00a0fue sede del lanzamiento del\u00a0Foro Binacional Tripartito para la Promoci\u00f3n del Trabajo Decente,\u00a0que se realizar\u00e1 el pr\u00f3ximo\u00a011 de septiembre en el Predio Recreativo del CEC en Plottier.\u00a0El evento, que reunir\u00e1 a\u00a0representantes del Estado, sindicatos y empresas de Argentina y Chile, busca abordar la situaci\u00f3n del empleo en el [&hellip;]<\/p>\n","protected":false},"author":5,"featured_media":7450,"comment_status":"open","ping_status":"open","sticky":false,"template":"","format":"standard","meta":[],"categories":[9],"tags":[],"_links":{"self":[{"href":"https:\/\/politicapatagonica.com\/index.php\/wp-json\/wp\/v2\/posts\/7449"}],"collection":[{"href":"https:\/\/politicapatagonica.com\/index.php\/wp-json\/wp\/v2\/posts"}],"about":[{"href":"https:\/\/politicapatagonica.com\/index.php\/wp-json\/wp\/v2\/types\/post"}],"author":[{"embeddable":true,"href":"https:\/\/politicapatagonica.com\/index.php\/wp-json\/wp\/v2\/users\/5"}],"replies":[{"embeddable":true,"href":"https:\/\/politicapatagonica.com\/index.php\/wp-json\/wp\/v2\/comments?post=7449"}],"version-history":[{"count":1,"href":"https:\/\/politicapatagonica.com\/index.php\/wp-json\/wp\/v2\/posts\/7449\/revisions"}],"predecessor-version":[{"id":7451,"href":"https:\/\/politicapatagonica.com\/index.php\/wp-json\/wp\/v2\/posts\/7449\/revisions\/7451"}],"wp:featuredmedia":[{"embeddable":true,"href":"https:\/\/politicapatagonica.com\/index.php\/wp-json\/wp\/v2\/media\/7450"}],"wp:attachment":[{"href":"https:\/\/politicapatagonica.com\/index.php\/wp-json\/wp\/v2\/media?parent=7449"}],"wp:term":[{"taxonomy":"category","embeddable":true,"href":"https:\/\/politicapatagonica.com\/index.php\/wp-json\/wp\/v2\/categories?post=7449"},{"taxonomy":"post_tag","embeddable":true,"href":"https:\/\/politicapatagonica.com\/index.php\/wp-json\/wp\/v2\/tags?post=7449"}],"curies":[{"name":"wp","href":"https:\/\/api.w.org\/{rel}","templated":true}]}}