{"id":7443,"date":"2025-08-25T20:43:21","date_gmt":"2025-08-25T20:43:21","guid":{"rendered":"https:\/\/politicapatagonica.com\/?p=7443"},"modified":"2025-08-25T20:43:22","modified_gmt":"2025-08-25T20:43:22","slug":"el-gobierno-de-santa-cruz-entrego-titulos-de-propiedad-a-familias-de-piedra-buena","status":"publish","type":"post","link":"https:\/\/politicapatagonica.com\/index.php\/2025\/08\/25\/el-gobierno-de-santa-cruz-entrego-titulos-de-propiedad-a-familias-de-piedra-buena\/","title":{"rendered":"El Gobierno de Santa Cruz entreg\u00f3 t\u00edtulos de propiedad a familias de Piedra Buena"},"content":{"rendered":"\n<p>El acto se desarroll\u00f3 ayer por la tarde en el Sal\u00f3n de Usos M\u00faltiples del municipio, y cont\u00f3 con la presencia del gobernador Claudio Vidal, quien destac\u00f3<strong>: &#8220;Esto tiene que ver con una enorme decisi\u00f3n pol\u00edtica del gobierno provincial, pero es posible gracias al equipo del IDUV, porque realmente trabajan y est\u00e1n construyendo el IDUV que todos queremos, en beneficio de la sociedad&#8221;.<\/strong><\/p>\n\n\n\n<p>Asimismo, la intendenta<strong> Anal\u00eda Far\u00edas subray\u00f3 la importancia de este paso para los vecinos y vecinas: &#8220;Tener el t\u00edtulo de propiedad de la vivienda es el sue\u00f1o de muchos de nosotros.<\/strong> Es el esfuerzo de cada familia en cada hogar. Gracias al Gobierno de la provincia y al IDUV, porque esto se logra trabajando a conciencia y en conjunto&#8221;.<\/p>\n\n\n\n<p>Por parte del IDUV, participaron su president<strong>e Cristian Mansilla<\/strong>; el vocal por el Ejecutivo,<strong> Pablo \u00c1lvarez<\/strong>; la gerenta administrativa, Carina Vera; la gerenta T\u00e9cnica,<strong> Cynthia Banciella Dickie;<\/strong> la gerenta Contable,<strong> Pamela Luna; <\/strong>la gerenta de Auditor\u00eda Contable,<strong> Paola Ciancio;<\/strong> y los representantes de la Direcci\u00f3n de Escrituraciones<strong>, Alberto Oyarzo y Julia Villa.<\/strong><\/p>\n\n\n\n<p><strong>Fuente: noticias.santacruz.gob.ar<\/strong><\/p>\n","protected":false},"excerpt":{"rendered":"<p>El acto se desarroll\u00f3 ayer por la tarde en el Sal\u00f3n de Usos M\u00faltiples del municipio, y cont\u00f3 con la presencia del gobernador Claudio Vidal, quien destac\u00f3: &#8220;Esto tiene que ver con una enorme decisi\u00f3n pol\u00edtica del gobierno provincial, pero es posible gracias al equipo del IDUV, porque realmente trabajan y est\u00e1n construyendo el IDUV [&hellip;]<\/p>\n","protected":false},"author":5,"featured_media":7444,"comment_status":"open","ping_status":"open","sticky":false,"template":"","format":"standard","meta":[],"categories":[8],"tags":[],"_links":{"self":[{"href":"https:\/\/politicapatagonica.com\/index.php\/wp-json\/wp\/v2\/posts\/7443"}],"collection":[{"href":"https:\/\/politicapatagonica.com\/index.php\/wp-json\/wp\/v2\/posts"}],"about":[{"href":"https:\/\/politicapatagonica.com\/index.php\/wp-json\/wp\/v2\/types\/post"}],"author":[{"embeddable":true,"href":"https:\/\/politicapatagonica.com\/index.php\/wp-json\/wp\/v2\/users\/5"}],"replies":[{"embeddable":true,"href":"https:\/\/politicapatagonica.com\/index.php\/wp-json\/wp\/v2\/comments?post=7443"}],"version-history":[{"count":1,"href":"https:\/\/politicapatagonica.com\/index.php\/wp-json\/wp\/v2\/posts\/7443\/revisions"}],"predecessor-version":[{"id":7445,"href":"https:\/\/politicapatagonica.com\/index.php\/wp-json\/wp\/v2\/posts\/7443\/revisions\/7445"}],"wp:featuredmedia":[{"embeddable":true,"href":"https:\/\/politicapatagonica.com\/index.php\/wp-json\/wp\/v2\/media\/7444"}],"wp:attachment":[{"href":"https:\/\/politicapatagonica.com\/index.php\/wp-json\/wp\/v2\/media?parent=7443"}],"wp:term":[{"taxonomy":"category","embeddable":true,"href":"https:\/\/politicapatagonica.com\/index.php\/wp-json\/wp\/v2\/categories?post=7443"},{"taxonomy":"post_tag","embeddable":true,"href":"https:\/\/politicapatagonica.com\/index.php\/wp-json\/wp\/v2\/tags?post=7443"}],"curies":[{"name":"wp","href":"https:\/\/api.w.org\/{rel}","templated":true}]}}