{"id":7439,"date":"2025-08-25T20:33:42","date_gmt":"2025-08-25T20:33:42","guid":{"rendered":"https:\/\/politicapatagonica.com\/?p=7439"},"modified":"2025-08-25T20:36:21","modified_gmt":"2025-08-25T20:36:21","slug":"se-sorteo-la-ubicacion-de-las-listas-de-rio-negro-en-la-boleta-unica-de-papel","status":"publish","type":"post","link":"https:\/\/politicapatagonica.com\/index.php\/2025\/08\/25\/se-sorteo-la-ubicacion-de-las-listas-de-rio-negro-en-la-boleta-unica-de-papel\/","title":{"rendered":"Se sorte\u00f3 la ubicaci\u00f3n de las listas de R\u00edo Negro en la Boleta \u00danica de Papel"},"content":{"rendered":"\n<p><strong>La justicia federal con competencia electoral en R\u00edo Negro concret\u00f3 esta tarde el sorteo de las\u00a0ubicaciones de las listas de las siete fuerzas en la Boleta \u00danica de Papel\u00a0con la que se votar\u00e1 por primera vez el 26 de octubre.<\/strong><\/p>\n\n\n\n<p>El juez federal Gustavo Villanueva encabez\u00f3 el sorteo en el que tambi\u00e9n particip\u00f3 la presidenta del Superior Tribunal de Justicia de R\u00edo Negro, Cecilia Criado, y los apoderados de cada partidos y alianza.<\/p>\n\n\n\n<p>El sorteo realizado con bolillero determin\u00f3 que en el<strong>&nbsp;primer lugar ir\u00e1 la lista de candidatos del PRO<\/strong>\u2013&nbsp;<strong>Propuesta Republicana<\/strong>, seguido por<strong>&nbsp;Fuerza Patria<\/strong>; en tercer orden&nbsp;<strong>La Libertad Avanza<\/strong>; en el cuarto lugar qued\u00f3&nbsp;<strong>Primero R\u00edo Negro<\/strong>; en la quinta ubicaci\u00f3n&nbsp;<strong>Frente de Izquierda y de Trabajadores \u2013 Unidad<\/strong>; sexto&nbsp;<strong>Juntos Defendemos R\u00edo Negro<\/strong>&nbsp;y en el \u00faltimo lugar&nbsp;<strong>Movimiento al Socialismo (MAS).<\/strong><\/p>\n\n\n\n<p>La boleta tendr\u00e1 el&nbsp;<strong>nombre y logo de la fuerza en el tramo inicial;<\/strong>&nbsp;luego los candidatos a senadores con la fotograf\u00eda de los dos primeros postulantes titulares de cada fuerza y luego se ubica el tramo de diputados, tambi\u00e9n con fotograf\u00eda de los dos primeros.<\/p>\n\n\n\n<p>En cada lista tambi\u00e9n<strong>&nbsp;ir\u00e1n los nombres de los candidatos suplentes&nbsp;<\/strong>y existe posibilidad de tildar la opci\u00f3n en tramo senadores y diputados.<\/p>\n\n\n\n<h2>Todos los candidatos por orden de aparici\u00f3n<\/h2>\n\n\n\n<hr class=\"wp-block-separator has-alpha-channel-opacity\"\/>\n\n\n\n<h2>PRO- Propuesta Republicana<\/h2>\n\n\n\n<p>Senadores: Juan Martin y Claudia B\u00e9rtora. Suplentes: Juan Murillo Ongaro y Liliana Pagliaricci.<\/p>\n\n\n\n<p>Diputados: Martina Lacour y Gast\u00f3n Varela. Suplentes: Fanny Santagni y Hern\u00e1n Perafan.<\/p>\n\n\n\n<h2>Fuerza Patria<\/h2>\n\n\n\n<p>Senadores: Mart\u00edn Soria y Ana Marks. Suplentes: H\u00e9ctor Leineker y Carina Pita.<\/p>\n\n\n\n<p>Diputados: Adriana Serquis y Leandro Costa Brutten. Suplentes: Zulma Romero y Martin Palumbo.<\/p>\n\n\n\n<h2>La Libertad Avanza<\/h2>\n\n\n\n<p>Senadores: Lorena Villaverde y Enzo Fullone. Suplentes: Viviana S\u00e1nchez y Gonzalo Barbero.<\/p>\n\n\n\n<p>Diputados: An\u00edbal Tortoriello y Ail\u00e9n Costa. Suplentes: Jos\u00e9 Valla y Natalia Vega Soto.<\/p>\n\n\n\n<h2>Primero R\u00edo Negro<\/h2>\n\n\n\n<p>Senadores: Ariel Rivero y Yolanda Mansilla. Suplentes: Ubaldo Silva y Virginia Guevara.<\/p>\n\n\n\n<p>Diputados: Facundo Villalba y Gabriela Fern\u00e1ndez. Suplentes: Jorge &#8220;Tolo&#8221; Tolosa y Vilma Y\u00e1\u00f1ez.<\/p>\n\n\n\n<h2>Frente de Izquierda y de Trabajadores \u2013 Unidad<\/h2>\n\n\n\n<p>Senadores: Alhue Gavuzzo y Rafael Maigua. Suplentes: Cecilia Carrasco y Hugo Soul.<\/p>\n\n\n\n<p>Diputados: Paula Gramajo y Gabriel Musa. Suplentes: Fernanda Garramu\u00f1o y Jorge Paulic.<\/p>\n\n\n\n<h2>Juntos Defendemos R\u00edo Negro<\/h2>\n\n\n\n<p>Senadores: Facundo L\u00f3pez y Andrea Confini. Suplentes: Bruno Pogliano y Mabel Yahuar.<\/p>\n\n\n\n<p>Diputados: Juan Pablo Muena y Mar\u00eda Eugenia Paillapi. Suplentes: Miguel Evans y Claudia Posse.<\/p>\n\n\n\n<h2>Movimiento al Socialismo<\/h2>\n\n\n\n<p>Senadores: M\u00f3nica Mart\u00edn y Aurelio V\u00e1zquez. Suplentes: Laura S\u00e1nchez y Gustavo Lehner.<\/p>\n\n\n\n<p>Diputados: Aquiles A\u00f1azco Nieto y Micaela Fern\u00e1ndez. Suplentes: Carmelo Scala y Silveira Huencho Alarc\u00f3n.<\/p>\n\n\n\n<p><strong>Fuente: www.rionegro.com.ar<\/strong><\/p>\n","protected":false},"excerpt":{"rendered":"<p>La justicia federal con competencia electoral en R\u00edo Negro concret\u00f3 esta tarde el sorteo de las\u00a0ubicaciones de las listas de las siete fuerzas en la Boleta \u00danica de Papel\u00a0con la que se votar\u00e1 por primera vez el 26 de octubre. El juez federal Gustavo Villanueva encabez\u00f3 el sorteo en el que tambi\u00e9n particip\u00f3 la presidenta [&hellip;]<\/p>\n","protected":false},"author":5,"featured_media":7440,"comment_status":"open","ping_status":"open","sticky":false,"template":"","format":"standard","meta":[],"categories":[13],"tags":[],"_links":{"self":[{"href":"https:\/\/politicapatagonica.com\/index.php\/wp-json\/wp\/v2\/posts\/7439"}],"collection":[{"href":"https:\/\/politicapatagonica.com\/index.php\/wp-json\/wp\/v2\/posts"}],"about":[{"href":"https:\/\/politicapatagonica.com\/index.php\/wp-json\/wp\/v2\/types\/post"}],"author":[{"embeddable":true,"href":"https:\/\/politicapatagonica.com\/index.php\/wp-json\/wp\/v2\/users\/5"}],"replies":[{"embeddable":true,"href":"https:\/\/politicapatagonica.com\/index.php\/wp-json\/wp\/v2\/comments?post=7439"}],"version-history":[{"count":2,"href":"https:\/\/politicapatagonica.com\/index.php\/wp-json\/wp\/v2\/posts\/7439\/revisions"}],"predecessor-version":[{"id":7442,"href":"https:\/\/politicapatagonica.com\/index.php\/wp-json\/wp\/v2\/posts\/7439\/revisions\/7442"}],"wp:featuredmedia":[{"embeddable":true,"href":"https:\/\/politicapatagonica.com\/index.php\/wp-json\/wp\/v2\/media\/7440"}],"wp:attachment":[{"href":"https:\/\/politicapatagonica.com\/index.php\/wp-json\/wp\/v2\/media?parent=7439"}],"wp:term":[{"taxonomy":"category","embeddable":true,"href":"https:\/\/politicapatagonica.com\/index.php\/wp-json\/wp\/v2\/categories?post=7439"},{"taxonomy":"post_tag","embeddable":true,"href":"https:\/\/politicapatagonica.com\/index.php\/wp-json\/wp\/v2\/tags?post=7439"}],"curies":[{"name":"wp","href":"https:\/\/api.w.org\/{rel}","templated":true}]}}