{"id":7436,"date":"2025-08-22T22:08:19","date_gmt":"2025-08-22T22:08:19","guid":{"rendered":"https:\/\/politicapatagonica.com\/?p=7436"},"modified":"2025-08-22T22:08:20","modified_gmt":"2025-08-22T22:08:20","slug":"el-municipio-de-neuquen-dono-un-terreno-a-educacion-para-construir-una-eped-donde-es","status":"publish","type":"post","link":"https:\/\/politicapatagonica.com\/index.php\/2025\/08\/22\/el-municipio-de-neuquen-dono-un-terreno-a-educacion-para-construir-una-eped-donde-es\/","title":{"rendered":"El Municipio de Neuqu\u00e9n don\u00f3 un terreno a Educaci\u00f3n para construir una EPED: d\u00f3nde es"},"content":{"rendered":"\n<p>La Municipalidad de\u00a0<strong>Neuqu\u00e9n<\/strong>\u00a0cedi\u00f3 un terreno al Gobierno de la provincia para la construcci\u00f3n de una\u00a0<strong>Escuela de Educaci\u00f3n Profesional de Educaci\u00f3n T\u00e9cnico &#8211; Profesional (EPED)\u00a0<\/strong>en un \u00e1rea en crecimiento de la ciudad, vinculada a los loteos Distrito 6 y 7, y el sector de Casimiro G\u00f3mez.<\/p>\n\n\n\n<p>El acuerdo fue suscripto este viernes entre el intendente&nbsp;<strong>Mariano Gaido;<\/strong>&nbsp;la Jefa de Gabinete,&nbsp;<strong>Mar\u00eda Pasqualini<\/strong>&nbsp;y&nbsp;<strong>Glenda Temi<\/strong>, subsecretaria de Pol\u00edticas Educativas y presidenta del Consejo Provincial de Educaci\u00f3n.<\/p>\n\n\n\n<p>El objetivo del convenio es proporcionar educaci\u00f3n y servicios a una poblaci\u00f3n joven que est\u00e1 en aumento en esa zona, donde la escuela m\u00e1s cercana es la EPET 17.<\/p>\n\n\n\n<p>El nuevo establecimiento educativo beneficiar\u00e1 no solo a los residentes de los loteos, sino tambi\u00e9n a las \u00e1reas circundantes en crecimiento.<\/p>\n\n\n\n<h2>Trabajo conjunto<\/h2>\n\n\n\n<p><strong>\u201cPoder trabajar de manera conjunta con Educaci\u00f3n de la provincia, estableciendo los espacios para que haya, ya sea escuelas en cualquiera de sus niveles, o centros de salud, o todo lo que tenga que estar vinculado a seguridad, es el objetivo que tenemos porque sabemos que tenemos una poblaci\u00f3n joven\u201d, observ\u00f3 Pasqualini.<\/strong><\/p>\n\n\n\n<p>Record\u00f3 que esa zona&nbsp;<strong>est\u00e1 en expansi\u00f3n urbana<\/strong>&nbsp;\u201cy la mayor\u00eda de las familias tienen hijos en edad escolar\u201d. Tambi\u00e9n tuvo en cuenta que la escuela m\u00e1s cercana a este lugar es la EPET 17, de modo que \u201ccuando esta escuela est\u00e9 construida va a traer una respuesta a estos vecinos\u201d.<\/p>\n\n\n\n<p>Pasqualini aclar\u00f3 que la escuela estar\u00e1 ubicada \u201cdonde est\u00e1 el sector del loteo sobre Casimiro G\u00f3mez, hacia abajo. Es decir, que no s\u00f3lo va a dar respuesta a ese loteo, sino a todo lo que est\u00e1 circundante. Hoy es un hecho muy importante, tanto para educaci\u00f3n como para las familias neuquinas de ese sector\u201d, concluy\u00f3.<\/p>\n\n\n\n<h2>Infraestructura<\/h2>\n\n\n\n<p>En tanto, Temi destac\u00f3 la importancia de mejorar la infraestructura educativa en la zona y consider\u00f3 este hecho un paso crucial para garantizar el acceso a la educaci\u00f3n t\u00e9cnica en la provincia.<\/p>\n\n\n\n<p>\u201cMe parece s\u00faper importante rescatar este trabajo colaborativo en l\u00ednea. Se detecta justamente que esta zona es cr\u00edtica en infraestructura para nivel secundario y particularmente para una EPED, y all\u00ed tenemos la respuesta con esta cesi\u00f3n de este nuevo lote en el cual vamos a edificar una nueva EPED para la ciudad\u201d, indic\u00f3.<\/p>\n\n\n\n<p>\u201cB\u00e1sicamente,<strong> garantiza el derecho a los estudiantes al acceso a la educaci\u00f3n t\u00e9cnica\u201d, plante\u00f3 y agreg\u00f3, en este marco, \u201cagradecemos esto que nos permite iniciar el tr\u00e1mite para que sea una concreci\u00f3n lo antes posible\u201d<\/strong>.<\/p>\n\n\n\n<p><strong>Desde el CPE se indic\u00f3 que \u201cla medida se enmarca en la pol\u00edtica educativa del gobierno provincial que jerarquiza la formaci\u00f3n t\u00e9cnica de manera integral con la creaci\u00f3n de medidas concretas como las nuevas instituciones, el fortalecimiento de partidas y equipamiento para talleres\u201d.<\/strong><\/p>\n\n\n\n<p>En la provincia est\u00e1 en marcha la construcci\u00f3n de 4 nuevas EPET -en A\u00f1elo, San Patricio del Cha\u00f1ar, Centenario y Plottier- que se ejecutan a trav\u00e9s de la Unidad Provincial de Financiamiento Externo (Upefe) por 39.740 millones de pesos; as\u00ed tambi\u00e9n obras de ampliaci\u00f3n y mejoras en otras 7 escuelas del nivel sumadas a las licitadas y adjudicadas, en proceso o pr\u00f3ximas a licitar para su construcci\u00f3n.<\/p>\n\n\n\n<p><strong>Fuente: www.lmneuquen.com<\/strong><\/p>\n","protected":false},"excerpt":{"rendered":"<p>La Municipalidad de\u00a0Neuqu\u00e9n\u00a0cedi\u00f3 un terreno al Gobierno de la provincia para la construcci\u00f3n de una\u00a0Escuela de Educaci\u00f3n Profesional de Educaci\u00f3n T\u00e9cnico &#8211; Profesional (EPED)\u00a0en un \u00e1rea en crecimiento de la ciudad, vinculada a los loteos Distrito 6 y 7, y el sector de Casimiro G\u00f3mez. El acuerdo fue suscripto este viernes entre el intendente&nbsp;Mariano Gaido;&nbsp;la [&hellip;]<\/p>\n","protected":false},"author":5,"featured_media":7437,"comment_status":"open","ping_status":"open","sticky":false,"template":"","format":"standard","meta":[],"categories":[9],"tags":[],"_links":{"self":[{"href":"https:\/\/politicapatagonica.com\/index.php\/wp-json\/wp\/v2\/posts\/7436"}],"collection":[{"href":"https:\/\/politicapatagonica.com\/index.php\/wp-json\/wp\/v2\/posts"}],"about":[{"href":"https:\/\/politicapatagonica.com\/index.php\/wp-json\/wp\/v2\/types\/post"}],"author":[{"embeddable":true,"href":"https:\/\/politicapatagonica.com\/index.php\/wp-json\/wp\/v2\/users\/5"}],"replies":[{"embeddable":true,"href":"https:\/\/politicapatagonica.com\/index.php\/wp-json\/wp\/v2\/comments?post=7436"}],"version-history":[{"count":1,"href":"https:\/\/politicapatagonica.com\/index.php\/wp-json\/wp\/v2\/posts\/7436\/revisions"}],"predecessor-version":[{"id":7438,"href":"https:\/\/politicapatagonica.com\/index.php\/wp-json\/wp\/v2\/posts\/7436\/revisions\/7438"}],"wp:featuredmedia":[{"embeddable":true,"href":"https:\/\/politicapatagonica.com\/index.php\/wp-json\/wp\/v2\/media\/7437"}],"wp:attachment":[{"href":"https:\/\/politicapatagonica.com\/index.php\/wp-json\/wp\/v2\/media?parent=7436"}],"wp:term":[{"taxonomy":"category","embeddable":true,"href":"https:\/\/politicapatagonica.com\/index.php\/wp-json\/wp\/v2\/categories?post=7436"},{"taxonomy":"post_tag","embeddable":true,"href":"https:\/\/politicapatagonica.com\/index.php\/wp-json\/wp\/v2\/tags?post=7436"}],"curies":[{"name":"wp","href":"https:\/\/api.w.org\/{rel}","templated":true}]}}