{"id":7433,"date":"2025-08-22T22:01:43","date_gmt":"2025-08-22T22:01:43","guid":{"rendered":"https:\/\/politicapatagonica.com\/?p=7433"},"modified":"2025-08-22T22:01:44","modified_gmt":"2025-08-22T22:01:44","slug":"el-ala-libertaria-de-ravier-quiere-esconder-a-matzkin-en-campana","status":"publish","type":"post","link":"https:\/\/politicapatagonica.com\/index.php\/2025\/08\/22\/el-ala-libertaria-de-ravier-quiere-esconder-a-matzkin-en-campana\/","title":{"rendered":"El ala libertaria de Ravier quiere &#8220;esconder&#8221; a Matzkin en campa\u00f1a"},"content":{"rendered":"\n<p>La campa\u00f1a de la alianza violeta que integran&nbsp;<strong>La Libertad Avanza y el PRO empez\u00f3 con tensiones<\/strong>&nbsp;que van m\u00e1s all\u00e1 de lo que se imaginaba hace un par de semanas: el viaje tranquilo de&nbsp;<strong>Adri\u00e1n Ravier<\/strong>&nbsp;hacia la banca en el Congreso encontr\u00f3 una piedra en su zapato con la aparici\u00f3n en escena de&nbsp;<strong>Mart\u00edn Matzkin<\/strong>, el delf\u00edn que ubic\u00f3 en la lista la ministra de Seguridad&nbsp;<strong>Patricia Bullrich<\/strong>.<\/p>\n\n\n\n<p><strong>El ala libertaria m\u00e1s cercana a Ravier quiere esconder a &#8220;El Facha&#8221; Matzkin en la campa\u00f1a<\/strong>, porque su figura contradice el relato anti-casta que pretenden instalar los promotores del soldado de la Fundaci\u00f3n Faro.<\/p>\n\n\n\n<p>Matzkin fue dirigente del PJ pampeano, peg\u00f3 un portazo para irse con Carlos Javier Mac Allister al PRO, se acomod\u00f3 como s\u00edndico opositor en Pampetrol, fue alej\u00e1ndose de la conducci\u00f3n amarilla, se ubic\u00f3 bajo el ala de la ministra de Seguridad&nbsp;<strong>Patricia Bullrich&nbsp;<\/strong>y termina violeta, dici\u00e9ndose a s\u00ed mismo soldado de La Libertad Avanza, en&nbsp;<strong>una lista donde los otros integrantes lo miran de reojo<\/strong>.<\/p>\n\n\n\n<p><strong>El apellido Matzkin es uno de los m\u00e1s remanidos en el sistema pol\u00edtico pampeano, sin\u00f3nimo de casta<\/strong>. El jefe del clan,&nbsp;<strong>Jorge &#8220;Toto&#8221; Matzkin<\/strong>&nbsp;fue protagonista central en la d\u00e9cada del menemismo, pero tambi\u00e9n durante el gobierno de&nbsp;<strong>Eduardo Duhalde<\/strong>, asociado a un tiempo de privatizaciones, corrupci\u00f3n e impunidad. Adem\u00e1s de su sobrino &#8220;El Facha&#8221;, que siempre estuvo a su lado, otro joven dirigente como&nbsp;<strong>David Matzkin<\/strong>&nbsp;-hijo de El Toto- tambi\u00e9n frecuent\u00f3 diversas veredas para acercarse al poder, y ahora es una referencia del intendente&nbsp;<strong>Luciano di N\u00e1poli&nbsp;<\/strong>dentro del PJ pampeano.&nbsp;<\/p>\n\n\n\n<p><strong>Quiso ser cabeza, no se dio por vencido<\/strong><\/p>\n\n\n\n<p>La presencia de &#8220;El Facha&#8221; en la lista es&nbsp;<strong>fruto del tironeo y acuerdo entre Bullrich y Karina Milei, pero Matzkin nunca cont\u00f3 con el visto bueno del propio Ravier<\/strong>, ni de la dirigencia de La Libertad Avanza que logr\u00f3 ordenar el partido despu\u00e9s de que estuviera flojo de papeles y envuelto en una interna que la propia dirigencia bautiz\u00f3 como un &#8220;cachivacher\u00edo&#8221;.<\/p>\n\n\n\n<p>Matzkin quiso ser primer candidato a diputado \u00e9l mismo, y oper\u00f3 para que el gobierno nacional no pusiera a Ravier en ese sitial. Hizo lobby en las altas esferas, motoriz\u00f3 encuestas de consultoras, tendi\u00f3 puentes en los espacios de poder a su alcance. Cuando entendi\u00f3 que Ravier era &#8220;imbajable&#8221;, no se resign\u00f3 del todo: meti\u00f3 presi\u00f3n para aparecer aunque sea tercero.<\/p>\n\n\n\n<p>En principio, obviamente, ese puesto no es expectatable. Pero si en pol\u00edtica nadie deja nada librado al azar, no es un delirio pensar que Matzkin aspira a un triunfo que le permita a LLA conseguir dos bancas y al sue\u00f1o de que en alg\u00fan momento el presidente Javier Milei pueda convocar a Ravier a ser parte del Ejecutivo.<\/p>\n\n\n\n<p><strong>Jugando a las escondidas<\/strong><\/p>\n\n\n\n<p>Mientras el ala libertaria pura quiere jugar a las escondidas con Matzkin, \u00e9l mismo -y no el partido, ni otro sector, ni el propio Ravier- difundi\u00f3 en sus redes sociales una foto en la que los dos aparecen con la lapicera en la mano, firmando la lista que competir\u00e1 el 26 de octubre.<\/p>\n\n\n\n<p><strong>El Diario ya describi\u00f3 d\u00edas atr\u00e1s que en el PRO hay una feroz puja interna por el poder partidario, que protagonizan sobre todo &#8220;El Colo&#8221; Mac Allister y el diputado nacional Mart\u00edn Maquieyra<\/strong>, en la que Matzkin a su modo mete la cola, alineado con el legislador que termina su mandato el 10 de diciembre. Matzkin no est\u00e1 formalmente afiliado al PRO, pero viene siendo protagonista de esa pelea, tal como Bullrich lo fue en el nivel nacional con Mauricio Macri hasta que decidi\u00f3 cambiar de bando formalmente.<\/p>\n\n\n\n<p>Por eso no fue un detalle menor que en plena discusi\u00f3n por Medanito se produjera esa aparici\u00f3n en escena de personajes que cortan el bacalao a nivel nacional: Matzkin resucit\u00f3 en las redes sociales despu\u00e9s de un prolongado ostracismo, y se puso la camiseta de Maquieyra en la disputa que tendr\u00e1 nuevos cap\u00edtulos en las pr\u00f3ximas semanas.<\/p>\n\n\n\n<p><strong>Hac\u00eda rato que Matzkin no dec\u00eda una palabra sobre la vida p\u00fablica en La Pampa, pero meti\u00f3 la cola justo en un momento de m\u00e1xima tensi\u00f3n.<\/strong><\/p>\n\n\n\n<p><strong>Alineamiento violeta<\/strong><\/p>\n\n\n\n<p><strong>El PRO se aline\u00f3 con La Libertad Avanza pese a que &#8220;El Colo&#8221; y Marita Mac Allister y otros referentes de la conducci\u00f3n del partido ve\u00edan con mejores ojos un pacto con el radicalismo<\/strong>. La ausencia de un candidato competitivo y la sucesi\u00f3n de tropezones y papelones de la UCR volvi\u00f3 imposible esa alianza.<\/p>\n\n\n\n<p>Pero adem\u00e1s empezaron a tejerse tramas en el nivel nacional, donde Matzkin, que en un momento hizo el intento de posicionarse como candidato, volvi\u00f3 a su viejo rol de operador.&nbsp;<strong>Karina Milei y Lule Menem manejaron algunos hilos por v\u00eda de Juan Pablo Patterer&nbsp;<\/strong>y lo que meses atr\u00e1s parec\u00eda imposible, se dio: un arreglo entre partes que adem\u00e1s se ti\u00f1\u00f3 muy de violeta.<\/p>\n\n\n\n<p>En Buenos Aires, el diputado nacional&nbsp;<strong>Mart\u00edn Ardohain&nbsp;<\/strong>y la senadora&nbsp;<strong>Victoria Huala&nbsp;<\/strong>rubricaron las conversaciones, con &#8220;El Colo&#8221; Mac Allister al tel\u00e9fono, monitoreando los acuerdos, que estuvieron a punto de irse por la borda.<\/p>\n\n\n\n<p>Es tan grande la grieta en el PRO que el nombre de la segunda de Ravier en la lista,&nbsp;<strong>Adriana Garc\u00eda, todav\u00eda despierta desconfianzas<\/strong>. La excandidata a intendenta de General Pico sabe que La Libertad Avanza la quiso bajar.<\/p>\n\n\n\n<p>Como sea, el d\u00eda de la firma del pacto se lo not\u00f3 euf\u00f3rico a Ardohain, que se hab\u00eda mantenido relativamente fiel a los Mac Allister. Con el arreglo violeta sonri\u00f3 por lo bajo, porque hace rato que se siente como pez en el agua en territorio libertario. Se sabe, efectivamente, un &#8220;h\u00e9roe fiscal&#8221;, como lo llam\u00f3 Milei junto a su coequiper Maquieyra.<\/p>\n\n\n\n<p>El dirigente piquense termina su mandato el 10 de diciembre, pero se sabe considerado para ocupar un puesto en alg\u00fan \u00e1rea energ\u00e9tica del gobierno nacional.<\/p>\n\n\n\n<p><strong>Fuente: www.eldiariodelapampa.com.ar<\/strong><\/p>\n","protected":false},"excerpt":{"rendered":"<p>La campa\u00f1a de la alianza violeta que integran&nbsp;La Libertad Avanza y el PRO empez\u00f3 con tensiones&nbsp;que van m\u00e1s all\u00e1 de lo que se imaginaba hace un par de semanas: el viaje tranquilo de&nbsp;Adri\u00e1n Ravier&nbsp;hacia la banca en el Congreso encontr\u00f3 una piedra en su zapato con la aparici\u00f3n en escena de&nbsp;Mart\u00edn Matzkin, el delf\u00edn que [&hellip;]<\/p>\n","protected":false},"author":5,"featured_media":7434,"comment_status":"open","ping_status":"open","sticky":false,"template":"","format":"standard","meta":[],"categories":[10],"tags":[],"_links":{"self":[{"href":"https:\/\/politicapatagonica.com\/index.php\/wp-json\/wp\/v2\/posts\/7433"}],"collection":[{"href":"https:\/\/politicapatagonica.com\/index.php\/wp-json\/wp\/v2\/posts"}],"about":[{"href":"https:\/\/politicapatagonica.com\/index.php\/wp-json\/wp\/v2\/types\/post"}],"author":[{"embeddable":true,"href":"https:\/\/politicapatagonica.com\/index.php\/wp-json\/wp\/v2\/users\/5"}],"replies":[{"embeddable":true,"href":"https:\/\/politicapatagonica.com\/index.php\/wp-json\/wp\/v2\/comments?post=7433"}],"version-history":[{"count":1,"href":"https:\/\/politicapatagonica.com\/index.php\/wp-json\/wp\/v2\/posts\/7433\/revisions"}],"predecessor-version":[{"id":7435,"href":"https:\/\/politicapatagonica.com\/index.php\/wp-json\/wp\/v2\/posts\/7433\/revisions\/7435"}],"wp:featuredmedia":[{"embeddable":true,"href":"https:\/\/politicapatagonica.com\/index.php\/wp-json\/wp\/v2\/media\/7434"}],"wp:attachment":[{"href":"https:\/\/politicapatagonica.com\/index.php\/wp-json\/wp\/v2\/media?parent=7433"}],"wp:term":[{"taxonomy":"category","embeddable":true,"href":"https:\/\/politicapatagonica.com\/index.php\/wp-json\/wp\/v2\/categories?post=7433"},{"taxonomy":"post_tag","embeddable":true,"href":"https:\/\/politicapatagonica.com\/index.php\/wp-json\/wp\/v2\/tags?post=7433"}],"curies":[{"name":"wp","href":"https:\/\/api.w.org\/{rel}","templated":true}]}}