{"id":7430,"date":"2025-08-21T21:56:18","date_gmt":"2025-08-21T21:56:18","guid":{"rendered":"https:\/\/politicapatagonica.com\/?p=7430"},"modified":"2025-08-21T21:56:19","modified_gmt":"2025-08-21T21:56:19","slug":"juegos-evita-chubutenses-torres-acompano-a-mas-de-200-jovenes-en-las-instancias-finales-de-voley","status":"publish","type":"post","link":"https:\/\/politicapatagonica.com\/index.php\/2025\/08\/21\/juegos-evita-chubutenses-torres-acompano-a-mas-de-200-jovenes-en-las-instancias-finales-de-voley\/","title":{"rendered":"Juegos Evita Chubutenses: Torres acompa\u00f1\u00f3 a m\u00e1s de 200 j\u00f3venes en las instancias finales de v\u00f3ley"},"content":{"rendered":"\n<p>El gobernador del Chubut, Ignacio \u201cNacho\u201d Torres, acompa\u00f1\u00f3 este jueves en Comodoro Rivadavia a m\u00e1s de 200 j\u00f3venes de distintas localidades de la provincia durante la instancia final de v\u00f3ley femenino y masculino de los Juegos Deportivos Evita. \u201cTodos estos j\u00f3venes se est\u00e1n formando para ser mejores personas, para trabajar en equipo y para poner en alto la bandera de nuestra querida provincia\u201d, enfatiz\u00f3.<\/p>\n\n\n\n<p>Junto a la diputada nacional Ana Clara Romero; el intendente Othar Macharashvili; el gerente general de Chubut Deportes, Mariano Ferro y el secretario de Vinculaci\u00f3n Ciudadana, Guillermo Almir\u00f3n; el mandatario se hizo presente en el Gimnasio Municipal N\u00b04 donde tom\u00f3 contacto con los j\u00f3venes deportistas y felicit\u00f3 a los chubutenses que representar\u00e1n a la provincia durante la instancia nacional que se desarrollar\u00e1 desde los \u00faltimos d\u00edas de septiembre en la ciudad bonaerense de Mar del Plata.<\/p>\n\n\n\n<p>\u201cTodos los d\u00edas vemos que hay un nuevo representante de la provincia, un nuevo atleta que nos hace sentir orgullosos y que nos representa a nivel deportivo en cada competencia\u201d, remarc\u00f3 el titular del Ejecutivo y asegur\u00f3 que \u201cm\u00e1s all\u00e1 del resultado, vamos a estar hinchando y bancando a quienes llevan los colores de Chubut\u201d.<\/p>\n\n\n\n<p>Torres puso en valor \u201cel respeto y la organizaci\u00f3n que demuestran\u201d en cada evento deportivo y subray\u00f3 la amplia convocatoria de j\u00f3venes de la costa, la Meseta y la Cordillera. \u201cAc\u00e1 tenemos chicas y chicos de Jos\u00e9 de San Mart\u00edn, Trevelin, Gaiman, Trelew, Comodoro Rivadavia, Puerto Madryn y Epuy\u00e9n que nos hacen sentir orgullosos\u201d, subray\u00f3.<\/p>\n\n\n\n<p><strong>Integraci\u00f3n provincial<\/strong><\/p>\n\n\n\n<p>Por otra parte, Macharashvili destac\u00f3 el nivel deportivo de cada una de las delegaciones e indic\u00f3 que \u201cesta final se hace gracias a una decisi\u00f3n pol\u00edtica del Gobierno Provincial, de Nacho Torres, de los municipios y de un equipo tremendo que han sabido interpretar que debemos trabajar juntos e integrados\u201d.&nbsp;<\/p>\n\n\n\n<p>\u201cEl deporte es transversal a cualquier cuesti\u00f3n partidaria\u201d, expres\u00f3 el intendente y agreg\u00f3 que \u201cnosotros hoy ac\u00e1 estamos forjando j\u00f3venes, estamos forjando una conciencia de ciudadanos\u201d, concluy\u00f3.&nbsp;<\/p>\n\n\n\n<p>En tanto, el gerente general de Chubut Deportes, Mariano Ferro, agradeci\u00f3 al mandatario y al intendente local por \u201cuna decisi\u00f3n pol\u00edtica que nos permiti\u00f3 hoy estar ac\u00e1 y hacer este cierre tan importante\u201d.<\/p>\n\n\n\n<p><strong>Fuente: www.elchubut.com.ar<\/strong><\/p>\n","protected":false},"excerpt":{"rendered":"<p>El gobernador del Chubut, Ignacio \u201cNacho\u201d Torres, acompa\u00f1\u00f3 este jueves en Comodoro Rivadavia a m\u00e1s de 200 j\u00f3venes de distintas localidades de la provincia durante la instancia final de v\u00f3ley femenino y masculino de los Juegos Deportivos Evita. \u201cTodos estos j\u00f3venes se est\u00e1n formando para ser mejores personas, para trabajar en equipo y para poner [&hellip;]<\/p>\n","protected":false},"author":5,"featured_media":7431,"comment_status":"open","ping_status":"open","sticky":false,"template":"","format":"standard","meta":[],"categories":[14],"tags":[],"_links":{"self":[{"href":"https:\/\/politicapatagonica.com\/index.php\/wp-json\/wp\/v2\/posts\/7430"}],"collection":[{"href":"https:\/\/politicapatagonica.com\/index.php\/wp-json\/wp\/v2\/posts"}],"about":[{"href":"https:\/\/politicapatagonica.com\/index.php\/wp-json\/wp\/v2\/types\/post"}],"author":[{"embeddable":true,"href":"https:\/\/politicapatagonica.com\/index.php\/wp-json\/wp\/v2\/users\/5"}],"replies":[{"embeddable":true,"href":"https:\/\/politicapatagonica.com\/index.php\/wp-json\/wp\/v2\/comments?post=7430"}],"version-history":[{"count":1,"href":"https:\/\/politicapatagonica.com\/index.php\/wp-json\/wp\/v2\/posts\/7430\/revisions"}],"predecessor-version":[{"id":7432,"href":"https:\/\/politicapatagonica.com\/index.php\/wp-json\/wp\/v2\/posts\/7430\/revisions\/7432"}],"wp:featuredmedia":[{"embeddable":true,"href":"https:\/\/politicapatagonica.com\/index.php\/wp-json\/wp\/v2\/media\/7431"}],"wp:attachment":[{"href":"https:\/\/politicapatagonica.com\/index.php\/wp-json\/wp\/v2\/media?parent=7430"}],"wp:term":[{"taxonomy":"category","embeddable":true,"href":"https:\/\/politicapatagonica.com\/index.php\/wp-json\/wp\/v2\/categories?post=7430"},{"taxonomy":"post_tag","embeddable":true,"href":"https:\/\/politicapatagonica.com\/index.php\/wp-json\/wp\/v2\/tags?post=7430"}],"curies":[{"name":"wp","href":"https:\/\/api.w.org\/{rel}","templated":true}]}}