{"id":7427,"date":"2025-08-21T21:07:27","date_gmt":"2025-08-21T21:07:27","guid":{"rendered":"https:\/\/politicapatagonica.com\/?p=7427"},"modified":"2025-08-21T21:07:28","modified_gmt":"2025-08-21T21:07:28","slug":"rio-grande-emitio-licencias-de-conducir-con-domicilio-en-malvinas-a-excombatientes","status":"publish","type":"post","link":"https:\/\/politicapatagonica.com\/index.php\/2025\/08\/21\/rio-grande-emitio-licencias-de-conducir-con-domicilio-en-malvinas-a-excombatientes\/","title":{"rendered":"R\u00edo Grande emiti\u00f3 licencias de conducir con domicilio en Malvinas a excombatientes"},"content":{"rendered":"\n<p><strong>En un evento cargado de significado hist\u00f3rico y emocional, la ciudad de R\u00edo Grande se convirti\u00f3 en escenario de un acto in\u00e9dito de reafirmaci\u00f3n de la soberan\u00eda argentina sobre las Islas Malvinas.<\/strong><\/p>\n\n\n\n<p><strong>El intendente Mart\u00edn Perez<\/strong> formaliz\u00f3 la entrega de las <strong>primeras licencias de conducir con domicilio establecido en Puerto Argentino,<\/strong> Islas Malvinas, a dos veteranos de la guerra de 1982, Ra\u00fal y Rodolfo Ant\u00fanez.<\/p>\n\n\n\n<p>La ceremonia, calificada por las autoridades como un <strong>paso fundamental en la consolidaci\u00f3n de la ciudad como \u201cCiudad de la Soberan\u00eda\u201d,<\/strong> cont\u00f3 con la presencia de los secretarios de Gobierno, Gast\u00f3n D\u00edaz, y de Gesti\u00f3n Ciudadana, Gonzalo Ferro.<\/p>\n\n\n\n<p>Durante su alocuci\u00f3n<strong>, Perez subray\u00f3 el valor concreto y simb\u00f3lico del gesto de los excombatientes al constituir domicilio en las islas. <\/strong>\u201cEstamos orgullosos. Los recibimos, los abrazamos y valoramos este gesto tan importante que es, ni m\u00e1s ni menos, que educar tambi\u00e9n a nuestros vecinos y vecinas en lo que es la defensa de nuestra soberan\u00eda\u201d, afirm\u00f3. El intendente expres\u00f3 su esperanza de que esta acci\u00f3n sea la primera de muchas, reforzando el car\u00e1cter simb\u00f3lico de R\u00edo Grande en la causa nacional.<\/p>\n\n\n\n<p>Por su parte, el veterano <strong>Rodolfo Ant\u00fanez<\/strong> transmiti\u00f3 la abrumadora carga emotiva que representa portar un documento con esa direcci\u00f3n. <strong>\u201cObtener este carnet, que lleva el nombre de Puerto Argentino y los 632 soldados que quedaron all\u00e1, custodiando nuestra tierra\u201d, declar\u00f3, remarcando que se trata de un honor y un homenaje directo a quienes hicieron el sacrificio supremo. Agradeci\u00f3 adem\u00e1s la calurosa recepci\u00f3n de las autoridades locales, dejando constancia de un recuerdo imborrable de la ciudad.<\/strong><\/p>\n\n\n\n<p>El secretario de Gesti\u00f3n Ciudadan<strong>a, Gonzalo Ferro<\/strong>, cerr\u00f3 el acto enfatizando el car\u00e1cter hist\u00f3rico de la medida. \u201cEstamos orgullosos de que, desde R\u00edo Grande, la Ciudad de la Soberan\u00eda, el Municipio emita por primera vez licencias de conducir a veteranos de Malvinas con domicilio en las Islas\u201d, se\u00f1al\u00f3,<strong> definiendo la acci\u00f3n como un firme acto de reafirmaci\u00f3n de los derechos argentinos mediante la v\u00eda pac\u00edfica y leg\u00edtima de la diplomacia y la memoria.<\/strong><\/p>\n\n\n\n<p><strong>Fuente: www.eldiariodelfindelmundo.com<\/strong><\/p>\n","protected":false},"excerpt":{"rendered":"<p>En un evento cargado de significado hist\u00f3rico y emocional, la ciudad de R\u00edo Grande se convirti\u00f3 en escenario de un acto in\u00e9dito de reafirmaci\u00f3n de la soberan\u00eda argentina sobre las Islas Malvinas. El intendente Mart\u00edn Perez formaliz\u00f3 la entrega de las primeras licencias de conducir con domicilio establecido en Puerto Argentino, Islas Malvinas, a dos [&hellip;]<\/p>\n","protected":false},"author":5,"featured_media":7428,"comment_status":"open","ping_status":"open","sticky":false,"template":"","format":"standard","meta":[],"categories":[11],"tags":[],"_links":{"self":[{"href":"https:\/\/politicapatagonica.com\/index.php\/wp-json\/wp\/v2\/posts\/7427"}],"collection":[{"href":"https:\/\/politicapatagonica.com\/index.php\/wp-json\/wp\/v2\/posts"}],"about":[{"href":"https:\/\/politicapatagonica.com\/index.php\/wp-json\/wp\/v2\/types\/post"}],"author":[{"embeddable":true,"href":"https:\/\/politicapatagonica.com\/index.php\/wp-json\/wp\/v2\/users\/5"}],"replies":[{"embeddable":true,"href":"https:\/\/politicapatagonica.com\/index.php\/wp-json\/wp\/v2\/comments?post=7427"}],"version-history":[{"count":1,"href":"https:\/\/politicapatagonica.com\/index.php\/wp-json\/wp\/v2\/posts\/7427\/revisions"}],"predecessor-version":[{"id":7429,"href":"https:\/\/politicapatagonica.com\/index.php\/wp-json\/wp\/v2\/posts\/7427\/revisions\/7429"}],"wp:featuredmedia":[{"embeddable":true,"href":"https:\/\/politicapatagonica.com\/index.php\/wp-json\/wp\/v2\/media\/7428"}],"wp:attachment":[{"href":"https:\/\/politicapatagonica.com\/index.php\/wp-json\/wp\/v2\/media?parent=7427"}],"wp:term":[{"taxonomy":"category","embeddable":true,"href":"https:\/\/politicapatagonica.com\/index.php\/wp-json\/wp\/v2\/categories?post=7427"},{"taxonomy":"post_tag","embeddable":true,"href":"https:\/\/politicapatagonica.com\/index.php\/wp-json\/wp\/v2\/tags?post=7427"}],"curies":[{"name":"wp","href":"https:\/\/api.w.org\/{rel}","templated":true}]}}