{"id":7424,"date":"2025-08-21T20:56:04","date_gmt":"2025-08-21T20:56:04","guid":{"rendered":"https:\/\/politicapatagonica.com\/?p=7424"},"modified":"2025-08-21T20:56:05","modified_gmt":"2025-08-21T20:56:05","slug":"obispado-de-rio-gallegos-se-pronuncio-sobre-la-candidatura-del-cura-juan-carlos-molina-a-diputado-nacional","status":"publish","type":"post","link":"https:\/\/politicapatagonica.com\/index.php\/2025\/08\/21\/obispado-de-rio-gallegos-se-pronuncio-sobre-la-candidatura-del-cura-juan-carlos-molina-a-diputado-nacional\/","title":{"rendered":"Obispado de R\u00edo Gallegos se pronunci\u00f3 sobre la candidatura del cura Juan Carlos Molina a diputado nacional"},"content":{"rendered":"\n<p>El\u00a0<strong>Obispado de R\u00edo Gallegos<\/strong>\u00a0emiti\u00f3 este jueves un comunicado oficial sobre la reciente candidatura del sacerdote\u00a0<strong>Juan Carlos Molina<\/strong>\u00a0a\u00a0<strong>diputado nacional<\/strong>, <strong>aclarando que la postulaci\u00f3n responde a una decisi\u00f3n personal y no refleja la posici\u00f3n de la Iglesia diocesana.<\/strong><\/p>\n\n\n\n<p>El comunicado, firmado por el obispo\u00a0<strong>Mons. Ignacio Dami\u00e1n Medina<\/strong>, se\u00f1ala:\u00a0\u201cEl Obispado de R\u00edo Gallegos informa a toda la feligres\u00eda que la candidatura a diputado nacional del Pbro. Juan Carlos Molina responde exclusivamente a una decisi\u00f3n personal. Dicha postulaci\u00f3n en ning\u00fan caso expresa la voluntad, ni el parecer de la Iglesia diocesana de R\u00edo Gallegos. Por lo tanto, <strong>ninguna de las manifestaciones que se viertan en campa\u00f1a o durante su posible mandato, deben ser entendidas como expresi\u00f3n de la voluntad de esta Di\u00f3cesis\u201d.<\/strong><\/p>\n\n\n\n<p>Adem\u00e1s, <strong>aclararon que \u201cel mencionado sacerdote no ejercer\u00e1 el ministerio presbiteral de manera p\u00fablica o privada, durante el per\u00edodo de campa\u00f1a y\/o futuro ejercicio del mandato legislativo\u201d.<\/strong><\/p>\n\n\n\n<figure class=\"wp-block-image\"><img decoding=\"async\" src=\"https:\/\/laopinionaustral.com.ar\/media\/uploads\/2025\/08\/comunicado-del-obispado-de-rio-gallegos-sobre-candidatura-566x728.webp\" alt=\" Comunicado del Obispado de R\u00edo Gallegos sobre la candidatura de Juan Carlos Molina.\" title=\" Comunicado del Obispado de R\u00edo Gallegos sobre la candidatura de Juan Carlos Molina.\"\/><figcaption class=\"wp-element-caption\">Comunicado del Obispado de R\u00edo Gallegos sobre la candidatura de Juan Carlos Molina.<\/figcaption><\/figure>\n\n\n\n<p><strong>Este anuncio se produce d\u00edas despu\u00e9s de que se conociera que Molina, de 58 a\u00f1os, encabezar\u00e1 la lista de unidad del\u00a0peronismo\u00a0en Santa Cruz como primer candidato a diputado nacional por el frente\u00a0Fuerza Santacruce\u00f1a<\/strong>\u00a0en las elecciones legislativas de octubre.<\/p>\n\n\n\n<p>Adem\u00e1s de su labor religiosa,<strong> Juan Carlos Molina tiene experiencia en la gesti\u00f3n p\u00fablica, habiendo sido titular de la Secretar\u00eda de Programaci\u00f3n para la Prevenci\u00f3n de la Drogadicci\u00f3n y la Lucha contra el Narcotr\u00e1fico (Sedronar) entre 2013 y 2015, durante el segundo mandato de Cristina Fern\u00e1ndez de Kirchner.<\/strong><\/p>\n\n\n\n<p>Con esta aclaraci\u00f3n, el Obispado de R\u00edo Gallegos busca separar la actividad pol\u00edtica del sacerdote de las funciones e intereses de la Iglesia.<\/p>\n\n\n\n<p><strong>Fuente: laopinionaustral.com.ar<\/strong><\/p>\n","protected":false},"excerpt":{"rendered":"<p>El\u00a0Obispado de R\u00edo Gallegos\u00a0emiti\u00f3 este jueves un comunicado oficial sobre la reciente candidatura del sacerdote\u00a0Juan Carlos Molina\u00a0a\u00a0diputado nacional, aclarando que la postulaci\u00f3n responde a una decisi\u00f3n personal y no refleja la posici\u00f3n de la Iglesia diocesana. El comunicado, firmado por el obispo\u00a0Mons. Ignacio Dami\u00e1n Medina, se\u00f1ala:\u00a0\u201cEl Obispado de R\u00edo Gallegos informa a toda la feligres\u00eda [&hellip;]<\/p>\n","protected":false},"author":5,"featured_media":7425,"comment_status":"open","ping_status":"open","sticky":false,"template":"","format":"standard","meta":[],"categories":[8],"tags":[],"_links":{"self":[{"href":"https:\/\/politicapatagonica.com\/index.php\/wp-json\/wp\/v2\/posts\/7424"}],"collection":[{"href":"https:\/\/politicapatagonica.com\/index.php\/wp-json\/wp\/v2\/posts"}],"about":[{"href":"https:\/\/politicapatagonica.com\/index.php\/wp-json\/wp\/v2\/types\/post"}],"author":[{"embeddable":true,"href":"https:\/\/politicapatagonica.com\/index.php\/wp-json\/wp\/v2\/users\/5"}],"replies":[{"embeddable":true,"href":"https:\/\/politicapatagonica.com\/index.php\/wp-json\/wp\/v2\/comments?post=7424"}],"version-history":[{"count":1,"href":"https:\/\/politicapatagonica.com\/index.php\/wp-json\/wp\/v2\/posts\/7424\/revisions"}],"predecessor-version":[{"id":7426,"href":"https:\/\/politicapatagonica.com\/index.php\/wp-json\/wp\/v2\/posts\/7424\/revisions\/7426"}],"wp:featuredmedia":[{"embeddable":true,"href":"https:\/\/politicapatagonica.com\/index.php\/wp-json\/wp\/v2\/media\/7425"}],"wp:attachment":[{"href":"https:\/\/politicapatagonica.com\/index.php\/wp-json\/wp\/v2\/media?parent=7424"}],"wp:term":[{"taxonomy":"category","embeddable":true,"href":"https:\/\/politicapatagonica.com\/index.php\/wp-json\/wp\/v2\/categories?post=7424"},{"taxonomy":"post_tag","embeddable":true,"href":"https:\/\/politicapatagonica.com\/index.php\/wp-json\/wp\/v2\/tags?post=7424"}],"curies":[{"name":"wp","href":"https:\/\/api.w.org\/{rel}","templated":true}]}}