{"id":7412,"date":"2025-08-19T23:33:23","date_gmt":"2025-08-19T23:33:23","guid":{"rendered":"https:\/\/politicapatagonica.com\/?p=7412"},"modified":"2025-08-19T23:33:24","modified_gmt":"2025-08-19T23:33:24","slug":"neuquen-inauguro-el-consejo-de-seguridad-ciudadana-con-el-foco-en-la-deteccion-y-evaluacion-del-delito","status":"publish","type":"post","link":"https:\/\/politicapatagonica.com\/index.php\/2025\/08\/19\/neuquen-inauguro-el-consejo-de-seguridad-ciudadana-con-el-foco-en-la-deteccion-y-evaluacion-del-delito\/","title":{"rendered":"Neuqu\u00e9n inaugur\u00f3 el Consejo de Seguridad Ciudadana con el foco en la detecci\u00f3n y evaluaci\u00f3n del delito"},"content":{"rendered":"\n<p><strong>Este martes en el Centro de Convenciones \u201cDomuyo\u201d, <\/strong>qued\u00f3 inaugurado en la capital de Neuqu\u00e9n el Consejo Provincial de Seguridad Ciudadana, un espacio creado por<strong>\u00a0la Ley 3515 que tendr\u00e1 como eje central la detecci\u00f3n temprana y el an\u00e1lisis integral de la criminalidad en la provincia.<\/strong><\/p>\n\n\n\n<h2>C\u00f3mo funciona el Consejo<\/h2>\n\n\n\n<p>El organismo, integrado por el<strong>&nbsp;Ministerio de Seguridad, la Polic\u00eda, el Poder Judicial, el Ministerio P\u00fablico Fiscal y la Jefatura de Gabinete,<\/strong>&nbsp;adem\u00e1s de intendentes y regionales, tiene la tarea de recibir y sistematizar diagn\u00f3sticos sobre la situaci\u00f3n delictiva en cada una de las siete regiones de Neuqu\u00e9n.<\/p>\n\n\n\n<p>A partir de esa informaci\u00f3n<strong>, se elaborar\u00e1 un cuadro de riesgo predelictivo que servir\u00e1 de base para dise\u00f1ar estrategias de prevenci\u00f3n m\u00e1s efectivas.<\/strong><\/p>\n\n\n\n<h2>El Consejo como soporte de la Reinterancia y Nacocomenudeo<\/h2>\n\n\n\n<p><strong>Durante la apertura, el gobernador\u00a0Rolando Figueroa destac\u00f3 la importancia de la coordinaci\u00f3n entre los tres poderes del Estado\u00a0y se\u00f1al\u00f3 que medidas como la Ley de Reiterancia y los operativos contra el microtr\u00e1fico ordenados por la Ley contra el Narcomenudeo (provincializaci\u00f3n) requieren del aporte de informaci\u00f3n precisa sobre la din\u00e1mica del delito para poder actuar con eficacia. Tambi\u00e9n felicit\u00f3 a la Polic\u00eda provincial, de la que dijo &#8220;sentir orgullo&#8221;.<\/strong><\/p>\n\n\n\n<p>Por su parte, el ministro de Seguridad,<strong>&nbsp;Mat\u00edas Nicolini, remarc\u00f3 que el Consejo permitir\u00e1 \u201ctransformar diagn\u00f3sticos en estrategias concretas\u201d,<\/strong>&nbsp;consolidando una pol\u00edtica criminal enfocada en la protecci\u00f3n ciudadana y el respeto a los derechos humanos.<\/p>\n\n\n\n<p>Participaron tambi\u00e9n el jefe de la Polic\u00eda,\u00a0<strong>Tom\u00e1s D\u00edaz P\u00e9rez, el presidente del Tribunal Superior de Justicia de Neuqu\u00e9n, Gustavo Mazieres y la vocal Soledad Gennari.<\/strong><\/p>\n\n\n\n<h2>Las siete regiones y la naturaleza de sus delitos<\/h2>\n\n\n\n<p><strong>En la primera sesi\u00f3n del Consejo, el fiscal general Jos\u00e9 Gerez<\/strong>&nbsp;present\u00f3 un panorama sobre la realidad delictiva de cada regi\u00f3n, insumo fundamental para el dise\u00f1o de pol\u00edticas de seguridad diferenciadas seg\u00fan<strong>&nbsp;las caracter\u00edsticas locales.<\/strong><\/p>\n\n\n\n<p>Adem\u00e1s de elaborar diagn\u00f3sticos\u00a0<strong>y proponer programas de prevenci\u00f3n, el Consejo tiene la facultad de impulsar reformas legislativas, articular pol\u00edticas entre distintas jurisdicciones\u00a0<\/strong>y coordinar la ejecuci\u00f3n de acciones junto a los Consejos Regionales de Seguridad Ciudadana.<\/p>\n\n\n\n<p>Las siete regiones conformadas son&nbsp;<strong>Alto Neuqu\u00e9n, Pehu\u00e9n, Lagos del Sur, Limay, Comarca, Confluencia y Vaca Muerta.&nbsp;<\/strong>Varios intendentes fueron parte del primer encuentro, entre ellos del de Neuqu\u00e9n capital Mariano Gaido.<\/p>\n\n\n\n<p>Con su puesta en marcha, Neuqu\u00e9n busca mejorar la detecci\u00f3n y evaluaci\u00f3n de las causas del delito para transformar<strong>\u00a0la informaci\u00f3n en acciones concretas que fortalezcan la seguridad ciudadana.<\/strong><\/p>\n\n\n\n<p><strong>Fuente: www.rionegro.com.ar<\/strong><\/p>\n","protected":false},"excerpt":{"rendered":"<p>Este martes en el Centro de Convenciones \u201cDomuyo\u201d, qued\u00f3 inaugurado en la capital de Neuqu\u00e9n el Consejo Provincial de Seguridad Ciudadana, un espacio creado por\u00a0la Ley 3515 que tendr\u00e1 como eje central la detecci\u00f3n temprana y el an\u00e1lisis integral de la criminalidad en la provincia. C\u00f3mo funciona el Consejo El organismo, integrado por el&nbsp;Ministerio de [&hellip;]<\/p>\n","protected":false},"author":5,"featured_media":7413,"comment_status":"open","ping_status":"open","sticky":false,"template":"","format":"standard","meta":[],"categories":[9],"tags":[],"_links":{"self":[{"href":"https:\/\/politicapatagonica.com\/index.php\/wp-json\/wp\/v2\/posts\/7412"}],"collection":[{"href":"https:\/\/politicapatagonica.com\/index.php\/wp-json\/wp\/v2\/posts"}],"about":[{"href":"https:\/\/politicapatagonica.com\/index.php\/wp-json\/wp\/v2\/types\/post"}],"author":[{"embeddable":true,"href":"https:\/\/politicapatagonica.com\/index.php\/wp-json\/wp\/v2\/users\/5"}],"replies":[{"embeddable":true,"href":"https:\/\/politicapatagonica.com\/index.php\/wp-json\/wp\/v2\/comments?post=7412"}],"version-history":[{"count":1,"href":"https:\/\/politicapatagonica.com\/index.php\/wp-json\/wp\/v2\/posts\/7412\/revisions"}],"predecessor-version":[{"id":7414,"href":"https:\/\/politicapatagonica.com\/index.php\/wp-json\/wp\/v2\/posts\/7412\/revisions\/7414"}],"wp:featuredmedia":[{"embeddable":true,"href":"https:\/\/politicapatagonica.com\/index.php\/wp-json\/wp\/v2\/media\/7413"}],"wp:attachment":[{"href":"https:\/\/politicapatagonica.com\/index.php\/wp-json\/wp\/v2\/media?parent=7412"}],"wp:term":[{"taxonomy":"category","embeddable":true,"href":"https:\/\/politicapatagonica.com\/index.php\/wp-json\/wp\/v2\/categories?post=7412"},{"taxonomy":"post_tag","embeddable":true,"href":"https:\/\/politicapatagonica.com\/index.php\/wp-json\/wp\/v2\/tags?post=7412"}],"curies":[{"name":"wp","href":"https:\/\/api.w.org\/{rel}","templated":true}]}}