{"id":7409,"date":"2025-08-19T23:24:11","date_gmt":"2025-08-19T23:24:11","guid":{"rendered":"https:\/\/politicapatagonica.com\/?p=7409"},"modified":"2025-08-19T23:24:12","modified_gmt":"2025-08-19T23:24:12","slug":"torres-anuncio-un-bono-para-docentes-de-chubut-atado-a-la-presencialidad-y-el-gremio-le-respondio-con-un-paro","status":"publish","type":"post","link":"https:\/\/politicapatagonica.com\/index.php\/2025\/08\/19\/torres-anuncio-un-bono-para-docentes-de-chubut-atado-a-la-presencialidad-y-el-gremio-le-respondio-con-un-paro\/","title":{"rendered":"Torres anunci\u00f3 un bono para docentes de Chubut atado a la presencialidad y el gremio le respondi\u00f3 con un paro"},"content":{"rendered":"\n<p><strong>\u201cSe acab\u00f3 el curro de los seguros. Y con esa plata le vamos a dar un aumento a los docentes\u201d, dijo el gobernador Ignacio Torres tras anunciar que Chubut adhiri\u00f3 al Autoseguro P\u00fablico Provincial lo que\u00a0significa un ahorro de 1.200 millones de pesos mensuales.<\/strong>\u00a0El bono ser\u00e1 de 200 mil pesos para los docentes y 150 mil para los auxiliares. Pero ambos estar\u00e1n \u201catados\u201d a la presencialidad. Esto provoc\u00f3 la reacci\u00f3n de uno de los gremios: la Asociaci\u00f3n Trabajadores de la Educaci\u00f3n de Chubut (ATECh) le contest\u00f3 con dureza y llam\u00f3 a un paro y movilizaci\u00f3n para este mi\u00e9rcoles.<\/p>\n\n\n\n<p><strong>La medida, explicaron desde el Gobierno, es posible gracias a la adhesi\u00f3n al Autoseguro P\u00fablico Provincial<\/strong>. Se trata de una herramienta que permitir\u00e1 el recupero de m\u00e1s de $ 1.200 millones mensuales, fondos que ser\u00e1n destinados \u00edntegramente al sistema educativo y que representar\u00e1n el denominado Bono Remunerativo de Vocaci\u00f3n Docente.<\/p>\n\n\n\n<p>El bono se abonar\u00e1 en dos partes en los meses de septiembre y octubre.<strong>\u00a0Seg\u00fan informaron fuentes oficiales, en los casos de ausencias justificadas, el bono ser\u00e1 de $ 100.000 para docentes y $ 75.000 para auxiliares<\/strong>; mientras que en caso de inasistencias sin justificar o bien que no se encuentren contempladas dentro del R\u00e9gimen de Licencias para el personal de Educaci\u00f3n, no corresponder\u00e1 la percepci\u00f3n del beneficio.<\/p>\n\n\n\n<p><strong>La implementaci\u00f3n del bono surgi\u00f3 a trav\u00e9s del ahorro alcanzado por la adhesi\u00f3n de la provincia al r\u00e9gimen de \u201cAutoseguro P\u00fablico Provincial\u201d,<\/strong>&nbsp;establecido en el Art\u00edculo 5\u00b0 de la Ley Nacional N\u00b0 27.348, mediante Ley XXII N\u00b0 50.<\/p>\n\n\n\n<p>El anuncio no cay\u00f3 del todo bien en la ATECh cuyos dirigentes llamaron inmediatamente a un paro de 24 horas para este mi\u00e9rcoles.&nbsp;<strong>El gremio calific\u00f3 al bono como \u201cextorsivo\u201d porque \u201cva a cobrar la mitad de los 200 mil pesos quienes hagan uso del derecho a cualquiera de las licencias por ejemplo por enfermedad propia o de un familiar como un hijo o para realizar una capacitaci\u00f3n\u201d.<\/strong><\/p>\n\n\n\n<p><strong> \u201cEs un bono disciplinador. \u00bfNo cobrar\u00eda nada quien os\u00f3 protestar haciendo uso de su derecho constitucional a huelga?\u00a0<\/strong>El paro no es una falta injustificada\u201d.<\/p>\n\n\n\n<p>No ser\u00e1 una semana con buenas noticias para el gobierno.&nbsp;<strong>Este mismo mi\u00e9rcoles habr\u00e1 un paro general provincial de los trabajadores de la salud con movilizaci\u00f3n a Rawson en reclamo de aumento salarial y exigir a las autoridades que \u201csalgan del letargo\u201d.<\/strong><\/p>\n\n\n\n<p><strong>\u201cChau al curro de los seguros y m\u00e1s inversi\u00f3n en educaci\u00f3n\u201d, afirm\u00f3 el gobernador Torres. \u201cEn Chubut decidimos autoasegurar la provincia y le pusimos fin al curro de los seguros. El resultado: m\u00e1s de $1.000 millones que hoy van directo a Educaci\u00f3n\u201d.<\/strong>\u00a0Fue durante el acto en una escuela de Trelew. All\u00ed desminti\u00f3 cualquier proyecto presidencial personal. \u201cMi candidatura presidencial no es real, la prioridad es cuidar Chubut. Lo peor que puede haber en pol\u00edtica es la ansiedad, no tengo problemas de ego\u201d.<\/p>\n\n\n\n<p><strong>La posibilidad de iniciar su camino hacia una posible candidatura para 2027 surgi\u00f3 despu\u00e9s que se instalara en la red social Instagram una cuenta denominada \u201cNacho Presidente\u201d<\/strong>\u00a0que contaba con adhesiones de militantes, allegados y pol\u00edticos. Tanto Torres como su entorno se despegaron del tema.<\/p>\n\n\n\n<p><strong>Fuente: www.rionegro.com.ar<\/strong><\/p>\n","protected":false},"excerpt":{"rendered":"<p>\u201cSe acab\u00f3 el curro de los seguros. Y con esa plata le vamos a dar un aumento a los docentes\u201d, dijo el gobernador Ignacio Torres tras anunciar que Chubut adhiri\u00f3 al Autoseguro P\u00fablico Provincial lo que\u00a0significa un ahorro de 1.200 millones de pesos mensuales.\u00a0El bono ser\u00e1 de 200 mil pesos para los docentes y 150 [&hellip;]<\/p>\n","protected":false},"author":5,"featured_media":7410,"comment_status":"open","ping_status":"open","sticky":false,"template":"","format":"standard","meta":[],"categories":[14],"tags":[],"_links":{"self":[{"href":"https:\/\/politicapatagonica.com\/index.php\/wp-json\/wp\/v2\/posts\/7409"}],"collection":[{"href":"https:\/\/politicapatagonica.com\/index.php\/wp-json\/wp\/v2\/posts"}],"about":[{"href":"https:\/\/politicapatagonica.com\/index.php\/wp-json\/wp\/v2\/types\/post"}],"author":[{"embeddable":true,"href":"https:\/\/politicapatagonica.com\/index.php\/wp-json\/wp\/v2\/users\/5"}],"replies":[{"embeddable":true,"href":"https:\/\/politicapatagonica.com\/index.php\/wp-json\/wp\/v2\/comments?post=7409"}],"version-history":[{"count":1,"href":"https:\/\/politicapatagonica.com\/index.php\/wp-json\/wp\/v2\/posts\/7409\/revisions"}],"predecessor-version":[{"id":7411,"href":"https:\/\/politicapatagonica.com\/index.php\/wp-json\/wp\/v2\/posts\/7409\/revisions\/7411"}],"wp:featuredmedia":[{"embeddable":true,"href":"https:\/\/politicapatagonica.com\/index.php\/wp-json\/wp\/v2\/media\/7410"}],"wp:attachment":[{"href":"https:\/\/politicapatagonica.com\/index.php\/wp-json\/wp\/v2\/media?parent=7409"}],"wp:term":[{"taxonomy":"category","embeddable":true,"href":"https:\/\/politicapatagonica.com\/index.php\/wp-json\/wp\/v2\/categories?post=7409"},{"taxonomy":"post_tag","embeddable":true,"href":"https:\/\/politicapatagonica.com\/index.php\/wp-json\/wp\/v2\/tags?post=7409"}],"curies":[{"name":"wp","href":"https:\/\/api.w.org\/{rel}","templated":true}]}}