{"id":7406,"date":"2025-08-19T20:09:42","date_gmt":"2025-08-19T20:09:42","guid":{"rendered":"https:\/\/politicapatagonica.com\/?p=7406"},"modified":"2025-08-19T20:09:43","modified_gmt":"2025-08-19T20:09:43","slug":"elecciones-2025-santa-cruz-aporto-a-la-nacion-con-recursos-y-no-se-ha-devuelto-en-divisas-o-infraestructura-dijo-daniel-alvarez","status":"publish","type":"post","link":"https:\/\/politicapatagonica.com\/index.php\/2025\/08\/19\/elecciones-2025-santa-cruz-aporto-a-la-nacion-con-recursos-y-no-se-ha-devuelto-en-divisas-o-infraestructura-dijo-daniel-alvarez\/","title":{"rendered":"Elecciones 2025: \u201cSanta Cruz aport\u00f3 a la Naci\u00f3n con recursos y no se ha devuelto en divisas o infraestructura\u201d, dijo Daniel \u00c1lvarez"},"content":{"rendered":"\n<p><strong>Daniel \u00c1lvarez<\/strong>, jefe de Gabinete de Ministros de Santa Cruz, candidato a\u00a0<strong>diputado nacional por el frente Provincias Unidas por Santa Cruz<\/strong>, espacio que encabeza el gobernador\u00a0<strong>Claudio Vidal<\/strong>, sostuvo que su postulaci\u00f3n es \u201cuna responsabilidad may\u00fascula\u201d porque representa la unidad de distintos partidos provinciales que buscan mantener a \u201cSanta Cruz de pie y ordenada\u201d, en referencia a los integrantes del frente: la\u00a0<strong>UCR<\/strong>\u00a0y\u00a0<strong>Encuentro Ciudadano<\/strong>.<\/p>\n\n\n\n<p>El funcionario adelant\u00f3 que su proyecto se enmarca en la continuidad de la gesti\u00f3n provincial que conduce Vidal, a quien destac\u00f3 por haber sostenido un v\u00ednculo con el Gobierno Nacional sin renunciar a la defensa de los recursos santacruce\u00f1os.<\/p>\n\n\n\n<p>\u00c1lvarez remarc\u00f3 que su prioridad como legislador ser\u00e1\u00a0<strong>proteger las riquezas naturales de la provincia<\/strong>\u00a0y exigir un federalismo real. \u201cSanta Cruz es una provincia rica que aport\u00f3 al Gobierno Nacional con recursos y regal\u00edas, pero no se ha devuelto en divisas ni en infraestructura. Vamos a levantar la voz para que se mire a la Patagonia sur como un punto estrat\u00e9gico\u201d, afirm\u00f3.<\/p>\n\n\n\n<p>En ese sentido, critic\u00f3 los modelos que \u2013a su entender\u2013 dejaron a la provincia en crisis o que impulsan ajustes sin sostener el empleo. \u201cNo somos el pasado que destruy\u00f3 Santa Cruz ni esta nueva idea de motosierra que deja a la gente sin trabajo. Queremos un camino de producci\u00f3n, educaci\u00f3n y generaci\u00f3n de empleo\u201d, se\u00f1al\u00f3.<\/p>\n\n\n\n<h3>Producci\u00f3n, empleo e infraestructura<\/h3>\n\n\n\n<p>Entre sus propuestas, el candidato adelant\u00f3 que impulsar\u00e1 proyectos para el\u00a0<strong>desarrollo portuario, la miner\u00eda, la capacitaci\u00f3n de j\u00f3venes y la atracci\u00f3n de inversiones<\/strong>\u00a0que permitan diversificar la econom\u00eda provincial. Tambi\u00e9n plante\u00f3 la necesidad de generar ventajas comparativas para que la Patagonia pueda competir a nivel nacional e internacional.<\/p>\n\n\n\n<p>\u201cHay que mostrar c\u00f3mo se quiere transformar la provincia, y nosotros lo estamos haciendo con el Gobierno Provincial: sostener el empleo, generar trabajo privado y apostar a la producci\u00f3n y la educaci\u00f3n\u201d, indic\u00f3 en una entrevista por&nbsp;<strong>LU14 Radio Provincia<\/strong>.<\/p>\n\n\n\n<h3>Diferencias y di\u00e1logo con la Naci\u00f3n<\/h3>\n\n\n\n<p>Aunque reconoci\u00f3 que la administraci\u00f3n de Vidal mantuvo un di\u00e1logo fluido con la Casa Rosada \u201cque permiti\u00f3 que YCRT siguiera abierta\u201d, \u00c1lvarez subray\u00f3 que ese v\u00ednculo no fue incondicional. \u201cNuestro gobernador se plant\u00f3 firme cuando hizo falta, defendi\u00f3 los recursos y levant\u00f3 la vara para que otras provincias imiten a Santa Cruz en el manejo de sus hidrocarburos\u201d, record\u00f3, en relaci\u00f3n al acuerdo por la salida de YPF de los pozos maduros de la zona norte de la provincia y el tratamiento de los pasivos ambientales.<\/p>\n\n\n\n<p>En esa l\u00ednea, sostuvo que el Congreso debe ser un espacio de representaci\u00f3n y de debate, donde \u201cno solo se voten leyes, sino que se defiendan los intereses provinciales\u201d.<\/p>\n\n\n\n<h3>\u201cConozco y amo a mi provincia\u201d<\/h3>\n\n\n\n<p>El candidato asegur\u00f3 que su compromiso est\u00e1 basado en la cercan\u00eda con los problemas de los santacruce\u00f1os. \u201cConozco a mi provincia, amo a mi provincia y sue\u00f1o con una sociedad mejor, donde no tengamos vecinos que busquen comida en la basura sabiendo que tenemos tierra f\u00e9rtil para producir\u201d, expres\u00f3.<\/p>\n\n\n\n<p><strong>Daniel \u00c1lvarez<\/strong>\u00a0remarc\u00f3 que el frente\u00a0<strong>Provincias Unidas por Santa Cruz<\/strong>\u00a0busca \u201cun modelo de trabajo que potencie al campo, a la miner\u00eda, que capacite a los j\u00f3venes y fortalezca a Santa Cruz como una provincia fuerte y con futuro\u201d.<\/p>\n\n\n\n<p><strong>Fuente: www.laopinionaustral.com.ar<\/strong><\/p>\n","protected":false},"excerpt":{"rendered":"<p>Daniel \u00c1lvarez, jefe de Gabinete de Ministros de Santa Cruz, candidato a\u00a0diputado nacional por el frente Provincias Unidas por Santa Cruz, espacio que encabeza el gobernador\u00a0Claudio Vidal, sostuvo que su postulaci\u00f3n es \u201cuna responsabilidad may\u00fascula\u201d porque representa la unidad de distintos partidos provinciales que buscan mantener a \u201cSanta Cruz de pie y ordenada\u201d, en referencia [&hellip;]<\/p>\n","protected":false},"author":5,"featured_media":7407,"comment_status":"open","ping_status":"open","sticky":false,"template":"","format":"standard","meta":[],"categories":[8],"tags":[],"_links":{"self":[{"href":"https:\/\/politicapatagonica.com\/index.php\/wp-json\/wp\/v2\/posts\/7406"}],"collection":[{"href":"https:\/\/politicapatagonica.com\/index.php\/wp-json\/wp\/v2\/posts"}],"about":[{"href":"https:\/\/politicapatagonica.com\/index.php\/wp-json\/wp\/v2\/types\/post"}],"author":[{"embeddable":true,"href":"https:\/\/politicapatagonica.com\/index.php\/wp-json\/wp\/v2\/users\/5"}],"replies":[{"embeddable":true,"href":"https:\/\/politicapatagonica.com\/index.php\/wp-json\/wp\/v2\/comments?post=7406"}],"version-history":[{"count":1,"href":"https:\/\/politicapatagonica.com\/index.php\/wp-json\/wp\/v2\/posts\/7406\/revisions"}],"predecessor-version":[{"id":7408,"href":"https:\/\/politicapatagonica.com\/index.php\/wp-json\/wp\/v2\/posts\/7406\/revisions\/7408"}],"wp:featuredmedia":[{"embeddable":true,"href":"https:\/\/politicapatagonica.com\/index.php\/wp-json\/wp\/v2\/media\/7407"}],"wp:attachment":[{"href":"https:\/\/politicapatagonica.com\/index.php\/wp-json\/wp\/v2\/media?parent=7406"}],"wp:term":[{"taxonomy":"category","embeddable":true,"href":"https:\/\/politicapatagonica.com\/index.php\/wp-json\/wp\/v2\/categories?post=7406"},{"taxonomy":"post_tag","embeddable":true,"href":"https:\/\/politicapatagonica.com\/index.php\/wp-json\/wp\/v2\/tags?post=7406"}],"curies":[{"name":"wp","href":"https:\/\/api.w.org\/{rel}","templated":true}]}}