{"id":7397,"date":"2025-08-18T21:18:10","date_gmt":"2025-08-18T21:18:10","guid":{"rendered":"https:\/\/politicapatagonica.com\/?p=7397"},"modified":"2025-08-18T21:18:11","modified_gmt":"2025-08-18T21:18:11","slug":"rio-negro-define-el-10-de-octubre-el-futuro-de-una-nueva-area-sobre-vaca-muerta","status":"publish","type":"post","link":"https:\/\/politicapatagonica.com\/index.php\/2025\/08\/18\/rio-negro-define-el-10-de-octubre-el-futuro-de-una-nueva-area-sobre-vaca-muerta\/","title":{"rendered":"R\u00edo Negro define el 10 de octubre el futuro de una nueva \u00e1rea sobre Vaca Muerta"},"content":{"rendered":"\n<p>El pr\u00f3ximo\u00a0<strong>10 de octubre al mediod\u00eda<\/strong>\u00a0<strong>se conocer\u00e1n las ofertas<\/strong>\u00a0para la exploraci\u00f3n de una nueva \u00e1rea ubicada en R\u00edo Negro con\u00a0potencial en Vaca Muerta. La\u00a0<strong>inversi\u00f3n m\u00ednima se fij\u00f3 por el gobierno de Alberto Weretilneck en 8,5 millones de d\u00f3lares,\u00a0<\/strong>dado que se trata de un proceso que se abri\u00f3 a partir de una propuesta presentada por una petrolera.<\/p>\n\n\n\n<p>En detalle, se trata del bloque\u00a0<strong>Cinco Saltos Su<\/strong>r, <strong>un \u00e1rea que actualmente no est\u00e1 concesionada,<\/strong> pero que ya cuenta con bloques linderos en los que se est\u00e1n encarando la lonja no convencional rionegrina.<\/p>\n\n\n\n<p>Precisamente, esta zona, ubicada bien al&nbsp;<strong>oeste de R\u00edo Negro, ya tiene en producci\u00f3n tres pozos realizados por la firma Phoenix Global Resources en Confluencia Norte<\/strong>&nbsp;que dieron muy buenos resultados, y otro m\u00e1s a punto de ser conectado en Confluencia Sur.<\/p>\n\n\n\n<p>Tambi\u00e9n la firma\u00a0<strong>Capex tiene un piloto de estudio muy cerca, en el \u00e1rea Cinco Saltos Norte,<\/strong>\u00a0en donde se estima que el a\u00f1o que viene realizar\u00e1n el primer pozo con destino a Vaca Muerta.<\/p>\n\n\n\n<p>Ahora, la licitaci\u00f3n que se public\u00f3 en el Bolet\u00edn Oficial de la provincia surge de un proyecto de\u00a0<strong>Iniciativa Privada\u00a0presentado por Pan American Energy (PAE),<\/strong>\u00a0que manifest\u00f3 su inter\u00e9s en desarrollar actividades exploratorias con destino al shale.<\/p>\n\n\n\n<p>Con esa iniciativa privada se procede a la licitaci\u00f3n ahora abierta que<strong>&nbsp;permite que otras petroleras puedan presentar ofertas para competir por el bloque<\/strong>&nbsp;que tiene 252 kil\u00f3metros cuadrados.<\/p>\n\n\n\n<p>Desde la Secretar\u00eda de Estado de Energ\u00eda y Ambiente, se indic\u00f3 que las bases del concurso y la informaci\u00f3n t\u00e9cnica est\u00e1 disponible en\u00a0www.energia.rionegro.gov.ar.\u00a0y se record\u00f3 que la inversi\u00f3n m\u00ednima es de 8,5 millones de d\u00f3lares y<strong>\u00a0un pozo exploratorio con una rama horizontal<\/strong>\u00a0de, al menos, 2.000 metros, condiciones propuestas inicialmente por PAE.<\/p>\n\n\n\n<p>Las ofertas se conocer\u00e1 el 10 de octubre al mediod\u00eda, cuando en la sede de la Secretar\u00eda de Estado de Energ\u00eda se abran los sobre recibidos.<\/p>\n\n\n\n<p><strong>Fuente: www.rionegro.com.ar<\/strong><\/p>\n","protected":false},"excerpt":{"rendered":"<p>El pr\u00f3ximo\u00a010 de octubre al mediod\u00eda\u00a0se conocer\u00e1n las ofertas\u00a0para la exploraci\u00f3n de una nueva \u00e1rea ubicada en R\u00edo Negro con\u00a0potencial en Vaca Muerta. La\u00a0inversi\u00f3n m\u00ednima se fij\u00f3 por el gobierno de Alberto Weretilneck en 8,5 millones de d\u00f3lares,\u00a0dado que se trata de un proceso que se abri\u00f3 a partir de una propuesta presentada por una [&hellip;]<\/p>\n","protected":false},"author":5,"featured_media":7398,"comment_status":"open","ping_status":"open","sticky":false,"template":"","format":"standard","meta":[],"categories":[13],"tags":[],"_links":{"self":[{"href":"https:\/\/politicapatagonica.com\/index.php\/wp-json\/wp\/v2\/posts\/7397"}],"collection":[{"href":"https:\/\/politicapatagonica.com\/index.php\/wp-json\/wp\/v2\/posts"}],"about":[{"href":"https:\/\/politicapatagonica.com\/index.php\/wp-json\/wp\/v2\/types\/post"}],"author":[{"embeddable":true,"href":"https:\/\/politicapatagonica.com\/index.php\/wp-json\/wp\/v2\/users\/5"}],"replies":[{"embeddable":true,"href":"https:\/\/politicapatagonica.com\/index.php\/wp-json\/wp\/v2\/comments?post=7397"}],"version-history":[{"count":1,"href":"https:\/\/politicapatagonica.com\/index.php\/wp-json\/wp\/v2\/posts\/7397\/revisions"}],"predecessor-version":[{"id":7399,"href":"https:\/\/politicapatagonica.com\/index.php\/wp-json\/wp\/v2\/posts\/7397\/revisions\/7399"}],"wp:featuredmedia":[{"embeddable":true,"href":"https:\/\/politicapatagonica.com\/index.php\/wp-json\/wp\/v2\/media\/7398"}],"wp:attachment":[{"href":"https:\/\/politicapatagonica.com\/index.php\/wp-json\/wp\/v2\/media?parent=7397"}],"wp:term":[{"taxonomy":"category","embeddable":true,"href":"https:\/\/politicapatagonica.com\/index.php\/wp-json\/wp\/v2\/categories?post=7397"},{"taxonomy":"post_tag","embeddable":true,"href":"https:\/\/politicapatagonica.com\/index.php\/wp-json\/wp\/v2\/tags?post=7397"}],"curies":[{"name":"wp","href":"https:\/\/api.w.org\/{rel}","templated":true}]}}