{"id":7393,"date":"2025-08-14T21:08:20","date_gmt":"2025-08-14T21:08:20","guid":{"rendered":"https:\/\/politicapatagonica.com\/?p=7393"},"modified":"2025-08-14T21:08:21","modified_gmt":"2025-08-14T21:08:21","slug":"torres-entrego-importante-equipamiento-informatico-a-escuelas-de-la-meseta","status":"publish","type":"post","link":"https:\/\/politicapatagonica.com\/index.php\/2025\/08\/14\/torres-entrego-importante-equipamiento-informatico-a-escuelas-de-la-meseta\/","title":{"rendered":"Torres entreg\u00f3 importante equipamiento inform\u00e1tico a escuelas de la Meseta"},"content":{"rendered":"\n<p><strong>El gobernador de Chubut, Ignacio \u201cNacho\u201d Torres, encabez\u00f3 la entrega de Aulas Digitales M\u00f3viles a escuelas de Gan Gan, Telsen, Chacay Oeste, Paso del Sapo y Gastre,<\/strong> en el marco de la intensa agenda que el mandatario lleva adelante en la Meseta provincial.<\/p>\n\n\n\n<p><strong>El equipamiento tecnol\u00f3gico entregado a establecimientos educativos se enmarca en el Programa para el Fortalecimiento Tecnol\u00f3gico de Instituciones Educativas<\/strong>, desarrollado por el Ministerio de Educaci\u00f3n de Chubut. Se trata de ocho ADM (Aulas Digitales M\u00f3viles), consistentes en un carro, 20 netbooks y un kit de rob\u00f3tica cada una.<\/p>\n\n\n\n<p><strong>El acto tuvo lugar en el Gimnasio Comunal de Gastre, y acompa\u00f1aron al titular del Ejecutivo el vicegobernador Gustavo Menna; la diputada nacional Ana Clara Romero; el legislador provincial Sergio Bowman; la ministra de Desarrollo Humano y Familia, Florencia Papaiani; el intendente local, Marcelo Aranda; los jefes comunales de Telsen, Pablo Castro; de Gan Gan, Santiago Huisca, y de Paso del Sapo, V\u00edctor Candia; la subsecretaria de Gobierno, Agustina Morales; la subsecretaria de Salud, Anabel Pe\u00f1a; el subsecretario de Cultura, Osvaldo Labasti\u00e9; el presidente del Instituto Aut\u00e1rquico de Colonizaci\u00f3n y Fomento Rural de la Provincia de Chubut (IAC), Horacio Massacese; el subsecretario de Asuntos Municipales, Genaro P\u00e9rez; intendentes y jefes comunales de las distintas localidades; directivos y autoridades de las escuelas que recibieron el equipamiento para el fortalecimiento de la trayectoria acad\u00e9mica de los estudiantes.<\/strong><\/p>\n\n\n\n<p>La provisi\u00f3n de elementos tecnol\u00f3gicos <strong>destinados a mejorar los procesos de aprendizaje escolar <\/strong>es posible gracias al trabajo conjunto que el Gobierno de Chubut lleva adelante con la Oficina de Naciones Unidas de Servicios para Proyectos (UNOPS). Con su experiencia en adquisiciones y asistencia t\u00e9cnica, UNOPS lleva adelante las compras de estos equipos tecnol\u00f3gicos para acompa\u00f1ar las prioridades provinciales en educaci\u00f3n y dotar a las escuelas con nuevas herramientas y recursos de aprendizaje.<\/p>\n\n\n\n<p>Durante la jornada, <strong>Torres tambi\u00e9n realiz\u00f3 la entrega de un aporte econ\u00f3mico al taller de artesanas \u201cHilando Sue\u00f1os\u201d <\/strong>de Gastre, as\u00ed como un aporte por parte de Chubut Deportes SEM para la reparaci\u00f3n y el mantenimiento de la unidad vehicular que la Comuna Rural utiliza para el traslado a distintas actividades deportivas y comunitarias, entre otras.<\/p>\n\n\n\n<p>A su vez, el Instituto Aut\u00e1rquico de Colonizaci\u00f3n entreg\u00f3 t\u00edtulos de propiedad a dos familias de la localidad, y el Ministerio de Desarrollo Humano y Familia hizo lo propio con 10 familias de la zona, que contar\u00e1n con acompa\u00f1amiento econ\u00f3mico de la Provincia para solventar los costos de la conexi\u00f3n intradomiciliaria a la red de gas natural.<\/p>\n\n\n\n<p><strong>Conectividad, educaci\u00f3n y mejor calidad de vida<\/strong><\/p>\n\n\n\n<p>Al respecto, Torres sostuvo que \u201cnuestra Meseta, con sus tantos recursos, ha sido relegada durante mucho tiempo, pero una de las premisas fundamentales de nuestro gobierno, en un contexto econ\u00f3mico dif\u00edcil, es integrar a los pueblos\u201d y remarc\u00f3 que \u201cesto significa no solamente proveer los servicios b\u00e1sicos e indispensables como el gas, el agua y la energ\u00eda el\u00e9ctrica, sino tambi\u00e9n que puedan acceder a las mismas oportunidades; es decir, poder contar con las mismas prestaciones m\u00e9dicas que los grandes centros urbanos y las herramientas que les van a permitir desarrollarse profesionalmente a los m\u00e1s j\u00f3venes\u201d.<\/p>\n\n\n\n<p><strong>\u201cEsas herramientas son posibles gracias a las nuevas tecnolog\u00edas y a la conectividad, permitiendo que los chicos aprendan cu\u00e1les son las mayores demandas hoy para conseguir trabajo el d\u00eda de ma\u00f1ana, y no podemos privar a las futuras generaciones de ello; por eso, hacemos hincapi\u00e9 en que puedan acceder a las nuevas tecnolog\u00edas\u201d, destac\u00f3 el mandatario.<\/strong><\/p>\n\n\n\n<p>En el mismo sentido,<strong> el Gobernador celebr\u00f3 la implementaci\u00f3n de la Telemedicina en la provincia \u201cpara que cada pueblo pueda tener acceso a mejores prestaciones m\u00e9dicas\u201d <\/strong>y el fortalecimiento de la conectividad en todo el territorio chubutense \u201cpara poder acceder a la educaci\u00f3n a distancia, porque es inconcebible que un ciudadano que nace en Comodoro Rivadavia o Trelew tenga m\u00e1s derecho a tener una educaci\u00f3n terciaria que alguien que nace en Gastre, Telsen o Gan Gan\u201d.<\/p>\n\n\n\n<p><strong>Obras fundamentales para la regi\u00f3n<\/strong><\/p>\n\n\n\n<p>Torres ratific\u00f3 que \u201ceste gobierno tiene el firme compromiso de darle a las futuras generaciones las mismas oportunidades para crecer y desarrollarse\u201d y detall\u00f3 que \u201chay obras que no se ven, que no son \u2018palpables\u2019, pero que son muy importantes: en su momento, nos comprometimos a avanzar en una obra tan necesaria como lo es la conexi\u00f3n del Gasoducto Cordillerano con el Gasoducto San Mart\u00edn, y con la instalaci\u00f3n de las plantas compresoras para acceder al gas, y siendo productores no ten\u00edamos m\u00e1s factibilidad; por eso quiero anunciar que en 20 d\u00edas esa obra va a estar finalizada y vamos a conectar ambos gasoductos para nunca m\u00e1s tener problemas con la factibilidad de suministro de gas\u201d.<\/p>\n\n\n\n<p>\u201cDurante mucho tiempo, esta provincia le dio energ\u00eda barata y gas al resto del pa\u00eds, pero hoy vamos a priorizar a lo nuestro, que son los chubutenses y los patag\u00f3nicos, con esta obra fundamental\u201d, expres\u00f3 el Gobernador, a la vez que invit\u00f3 a los m\u00e1s j\u00f3venes \u201ca utilizar estas nuevas herramientas que hoy est\u00e1n a su disposici\u00f3n, y que inflen el pecho cada vez que entonan el himno hermoso de nuestra provincia, defendiendo siempre el profundo orgullo de ser chubutenses\u201d.<\/p>\n\n\n\n<p><strong>Desarrollo y producci\u00f3n<\/strong><\/p>\n\n\n\n<p>Por su parte,<strong> el intendente de Gastre, Marcelo Aranda, manifest\u00f3 que \u201cno somos ajenos al complejo momento econ\u00f3mico que se atraviesa, pero hoy podemos decir que, a trav\u00e9s de un trabajo conjunto con el Gobierno de la Provincia, hemos podido avanzar y conseguir el acceso al gas para diez de nuestros vecinos\u201d <\/strong>y destac\u00f3 la buena predisposici\u00f3n \u201cdel Ministerio de Desarrollo Humano y de los funcionarios del Gabinete, quienes nos han recibido de la mejor manera cada vez que hemos ido a verlos\u201d.<\/p>\n\n\n\n<p>El jefe comunal tambi\u00e9n resalt\u00f3 \u201cel compromiso del secretario de Infraestructura, Hern\u00e1n T\u00f3rtola, para la gesti\u00f3n de los servicios necesarios para nuestro pueblo\u201d y asegur\u00f3 que \u201choy, m\u00e1s que nunca, <strong>los pueblos de la Meseta necesitamos desarrollo<\/strong> y nuevos horizontes productivos para que la gente contin\u00fae habitando nuestra tierra tan querida\u201d.<\/p>\n\n\n\n<p><strong>Tecnolog\u00eda y rob\u00f3tica<\/strong><\/p>\n\n\n\n<p>La entrega encabezada por Torres consisti\u00f3 en equipamiento enmarcado en el Programa de Fortalecimiento Tecnol\u00f3gico para Instituciones Educativas, que impulsa el Ministerio de Educaci\u00f3n de Chubut.<\/p>\n\n\n\n<p>De este modo, <strong>los ocho establecimientos educativos que recibieron, cada uno, un Aula Digital M\u00f3vil (ADM), que incluye un carro, 20 netbooks y un kit de rob\u00f3tica, fueron las escuelas N\u00b0 33 y N\u00b0 7.723 de Gan Gan, representadas por sus directoras Alejandra Taccari Johnson y Ana Santander, respectivamente; la Escuela N\u00b0 7.731 de Telsen, a cargo de su director Juan Carlos Mayo; la Escuela N\u00b0 63 de Chacay Oeste, representada por su directora Alejandra Urra; la Escuela N\u00b0 134, a cargo de su director David Naser; y las escuelas N\u00b0 7.711 y N\u00b0 30, representadas por sus directores Ariel Pacheco y Andrea Curiche, respectivamente.<\/strong><\/p>\n\n\n\n<p><strong>Acompa\u00f1amiento provincial a familias y emprendedores<\/strong><\/p>\n\n\n\n<p>Por parte de la Subsecretar\u00eda de Cultura, a cargo de Osvaldo Labasti\u00e9, el Gobierno que conduce Ignacio \u201cNacho\u201d Torres hizo entrega de un aporte econ\u00f3mico destinado al taller de artesanas \u201cHilando Sue\u00f1os\u201d, cuyo fin es solventar gastos del acondicionamiento de dicho taller.<\/p>\n\n\n\n<p>A su vez, <strong>Chubut Deportes hizo entrega de un aporte econ\u00f3mico para la comuna rural de Gastre, destinado a solventar gastos de reparaci\u00f3n, mantenimiento, adquisici\u00f3n de repuestos mec\u00e1nicos, mano de obra y dem\u00e1s costos operativos correspondientes a la refacci\u00f3n de la unidad vehicular<\/strong> \u2014minib\u00fas\u2014 de dicha comuna, la cual cumple funciones para el traslado de las distintas actividades deportivas y comunitarias, entre otras.<\/p>\n\n\n\n<p>El titular del Instituto Aut\u00e1rquico de Colonizaci\u00f3n, Horacio Massacese, hizo entrega de dos t\u00edtulos de propiedad a los vecinos de la zona, Ram\u00f3n Manuel Currumil y Delicia Yrene C\u00e1ceres; mientras que el Ministerio de Desarrollo Humano, a cargo de Florencia Papaiani, entreg\u00f3 aportes econ\u00f3micos para solventar los costos de la conexi\u00f3n intradomiciliaria de gas a los vecinos Paulina Andrada, Ovidia Caniup\u00e1n, Norma Elena Cayup\u00e1n, Valentina Secundina Co\u00f1uel, Irineo Currumil, Andrea Karina Currumil, Mois\u00e9s L\u00f3pez, Palmira Morales, Luis Mar\u00eda \u00d1anco y Ra\u00fal Valent\u00edn \u00d1anco.<\/p>\n\n\n\n<p><strong>Fuente: www.elchubut.com.ar<\/strong><\/p>\n","protected":false},"excerpt":{"rendered":"<p>El gobernador de Chubut, Ignacio \u201cNacho\u201d Torres, encabez\u00f3 la entrega de Aulas Digitales M\u00f3viles a escuelas de Gan Gan, Telsen, Chacay Oeste, Paso del Sapo y Gastre, en el marco de la intensa agenda que el mandatario lleva adelante en la Meseta provincial. El equipamiento tecnol\u00f3gico entregado a establecimientos educativos se enmarca en el Programa [&hellip;]<\/p>\n","protected":false},"author":5,"featured_media":7394,"comment_status":"open","ping_status":"open","sticky":false,"template":"","format":"standard","meta":[],"categories":[14],"tags":[],"_links":{"self":[{"href":"https:\/\/politicapatagonica.com\/index.php\/wp-json\/wp\/v2\/posts\/7393"}],"collection":[{"href":"https:\/\/politicapatagonica.com\/index.php\/wp-json\/wp\/v2\/posts"}],"about":[{"href":"https:\/\/politicapatagonica.com\/index.php\/wp-json\/wp\/v2\/types\/post"}],"author":[{"embeddable":true,"href":"https:\/\/politicapatagonica.com\/index.php\/wp-json\/wp\/v2\/users\/5"}],"replies":[{"embeddable":true,"href":"https:\/\/politicapatagonica.com\/index.php\/wp-json\/wp\/v2\/comments?post=7393"}],"version-history":[{"count":1,"href":"https:\/\/politicapatagonica.com\/index.php\/wp-json\/wp\/v2\/posts\/7393\/revisions"}],"predecessor-version":[{"id":7395,"href":"https:\/\/politicapatagonica.com\/index.php\/wp-json\/wp\/v2\/posts\/7393\/revisions\/7395"}],"wp:featuredmedia":[{"embeddable":true,"href":"https:\/\/politicapatagonica.com\/index.php\/wp-json\/wp\/v2\/media\/7394"}],"wp:attachment":[{"href":"https:\/\/politicapatagonica.com\/index.php\/wp-json\/wp\/v2\/media?parent=7393"}],"wp:term":[{"taxonomy":"category","embeddable":true,"href":"https:\/\/politicapatagonica.com\/index.php\/wp-json\/wp\/v2\/categories?post=7393"},{"taxonomy":"post_tag","embeddable":true,"href":"https:\/\/politicapatagonica.com\/index.php\/wp-json\/wp\/v2\/tags?post=7393"}],"curies":[{"name":"wp","href":"https:\/\/api.w.org\/{rel}","templated":true}]}}