{"id":7390,"date":"2025-08-14T21:00:12","date_gmt":"2025-08-14T21:00:12","guid":{"rendered":"https:\/\/politicapatagonica.com\/?p=7390"},"modified":"2025-08-14T21:00:13","modified_gmt":"2025-08-14T21:00:13","slug":"entre-cruces-y-tensiones-avanzo-el-narcotest-para-politicos-y-jueces-en-neuquen-como-funcionara","status":"publish","type":"post","link":"https:\/\/politicapatagonica.com\/index.php\/2025\/08\/14\/entre-cruces-y-tensiones-avanzo-el-narcotest-para-politicos-y-jueces-en-neuquen-como-funcionara\/","title":{"rendered":"Entre cruces y tensiones avanz\u00f3 el narcotest para pol\u00edticos y jueces en Neuqu\u00e9n: c\u00f3mo funcionar\u00e1"},"content":{"rendered":"\n<p>&#8220;<strong>El tema hoy es un infierno<\/strong>&#8220;, dijo Dami\u00e1n Canuto (PRO) en medio de los cruces por el proyecto de ley que establece\u00a0<strong>la obligatoriedad de los ex\u00e1menes toxicol\u00f3gicos\u00a0al gobernador, diputados y diputadas y jueces<\/strong>. La comisi\u00f3n de Desarrollo Humano de la Legislatura de Neuqu\u00e9n no lograba esta tarde acordar un \u00fanico texto hasta que Dar\u00edo Peralta (Uni\u00f3n por la Patria) plante\u00f3 aprobar la propuesta del oficialismo, sujeta a revisi\u00f3n, y continuar discuti\u00e9ndola en Asuntos Constitucionales. Lo que parec\u00eda imposible sucedi\u00f3: la iniciativa ara\u00f1\u00f3 su primer despacho.<\/p>\n\n\n\n<p><strong>El bloque que representa al gobernador Rolando Figueroa <\/strong>y sus aliados buscaba que el proyecto avanzara.\u00a0<strong>No quer\u00edan dilatar m\u00e1s el asunto.\u00a0<\/strong>A la reuni\u00f3n llegaron con una propuesta casi cocinada, aunque en el debate se vio que le faltaban algunos minutos m\u00e1s de horno.<\/p>\n\n\n\n<p>Francisco Lepore (Avanzar) fue el encargado, una vez m\u00e1s, de explicar c\u00f3mo quedar\u00eda el texto definitivo. Este control &#8220;antidoping&#8221; provincial\u00a0<strong>excluir\u00e1 a los polic\u00edas<\/strong>, ya que actualmente la ley org\u00e1nica de la fuerza les impone test peri\u00f3dicos.\u00a0<strong>Quedar\u00e1n afuera tambi\u00e9n los candidatos y candidatas que se presenten a elecciones<\/strong>. &#8220;Es muy engorroso&#8221;, afirm\u00f3. Si ganan estar\u00e1n alcanzados por la ley.<a href=\"https:\/\/www.rionegro.com.ar\/?s=\"><\/a><\/p>\n\n\n\n<p>Qui\u00e9nes s\u00ed deber\u00e1n hac\u00e9rselo ser\u00e1n el gobernador y su vice, el gabinete completo, legisladores, vocales del Tribunal Superior de Justicia, jueces, fiscales y defensores de todos los fueros y el fiscal de Estado.&nbsp;<strong>Se lo har\u00e1n como m\u00ednimo una vez al a\u00f1o y ser\u00e1n sorpresivos y aleatorios<\/strong>&nbsp;(esto significa que no sabr\u00e1n en qu\u00e9 momento les puede tocar).<strong>&nbsp;El costo correr\u00e1 por cuenta de cada persona.<\/strong><\/p>\n\n\n\n<p>En la reglamentaci\u00f3n (que har\u00e1 el Ejecutivo) se establecer\u00e1 c\u00f3mo se tomar\u00e1n las muestras y cu\u00e1l ser\u00e1 la&nbsp;<strong>autoridad de aplicaci\u00f3n<\/strong>. Hay diputados que no quieren que sea el ministerio de Salud sino el de Seguridad.<\/p>\n\n\n\n<p>Hay una disputa vigente sobre si debe alcanzar a integrantes del Consejo de la Magistratura, del Tribunal de Cuentas y directores provinciales. A\u00fan no se defini\u00f3.<\/p>\n\n\n\n<p>Lo mismo con&nbsp;<strong>las sustancias a detectar<\/strong>: va a haber una consulta a Salud para hacer la enumeraci\u00f3n final.<\/p>\n\n\n\n<p>100% conforme no van a quedar con ning\u00fan proyecto, asegur\u00f3 Lepore.<\/p>\n\n\n\n<h2>&#8220;\u00bfLo vamos a rajar o no lo vamos a rajar?&#8221;<\/h2>\n\n\n\n<hr class=\"wp-block-separator has-alpha-channel-opacity\"\/>\n\n\n\n<p>El eje del conflicto est\u00e1 en las\u00a0<strong>sanciones<\/strong>. El proyecto del oficialismo indica que ante un resultado positivo est\u00e1 la posibilidad de una contraprueba.\u00a0<strong>Preventivamente se suspender\u00e1 al funcionario por el t\u00e9rmino de tres meses, sin goce de haberes.\u00a0<\/strong>Una vez finalizado este plazo se reiterar\u00e1 el control. Si no cambi\u00f3, se activar\u00e1n los procedimientos constitucionales. Por ejemplo, una fiscal ir\u00e1 a un jurado de enjuiciamiento que es el \u00e1mbito para que sea juzgada.<\/p>\n\n\n\n<p>Marcelo Berm\u00fadez (PRO) consider\u00f3 que el \u00fanico castigo posible ante un positivo reiterado es la destituci\u00f3n. \u00bfLo vamos a rajar o no lo vamos a rajar?, chicane\u00f3. Federico M\u00e9ndez (Comunidad) critic\u00f3 esta postura y sostuvo que no pod\u00edan quedar<strong>\u00a0a merced de un control bioqu\u00edmico desde el poder<\/strong>\u00a0que pod\u00eda\u00a0<strong>ejercer presi\u00f3n<\/strong>.<\/p>\n\n\n\n<p>El ida y vuelta fue en un tono tan elevado que el despacho parec\u00eda naufragar. El jefe de la bancada de Comunidad, Ernesto Novoa, se lament\u00f3:\u00a0<strong>no tenemos ahora los votos<\/strong>, no podemos estar estancados tanto tiempo, tenemos que salir de este pantano.<\/p>\n\n\n\n<p>Berm\u00fadez, que es parte del oficialismo e impulsor de una de las iniciativas que sintetizaba el despacho, insisti\u00f3 con que la ley no ten\u00eda finalidad sino se iba a remover del cargo a las personas que dieran positivo.\u00a0<strong>&#8220;S\u00ed flaco, hay un procedimiento<\/strong>&#8220;, le lanz\u00f3 un ya cansado Lepore.<\/p>\n\n\n\n<p>Peralta, autor de uno de los proyectos y que guardaba sus diferencias por ejemplo en la periodicidad del testeo, mocion\u00f3 para emitir despacho y que Asuntos Constitucionales tome la posta en su pr\u00f3xima reuni\u00f3n del 26 de agosto. Esa ser\u00e1 la instancia para terminar la cocci\u00f3n.<\/p>\n\n\n\n<p><strong>Fuente: www.rionegro.com.ar<\/strong><\/p>\n","protected":false},"excerpt":{"rendered":"<p>&#8220;El tema hoy es un infierno&#8220;, dijo Dami\u00e1n Canuto (PRO) en medio de los cruces por el proyecto de ley que establece\u00a0la obligatoriedad de los ex\u00e1menes toxicol\u00f3gicos\u00a0al gobernador, diputados y diputadas y jueces. La comisi\u00f3n de Desarrollo Humano de la Legislatura de Neuqu\u00e9n no lograba esta tarde acordar un \u00fanico texto hasta que Dar\u00edo Peralta [&hellip;]<\/p>\n","protected":false},"author":5,"featured_media":7391,"comment_status":"open","ping_status":"open","sticky":false,"template":"","format":"standard","meta":[],"categories":[9],"tags":[],"_links":{"self":[{"href":"https:\/\/politicapatagonica.com\/index.php\/wp-json\/wp\/v2\/posts\/7390"}],"collection":[{"href":"https:\/\/politicapatagonica.com\/index.php\/wp-json\/wp\/v2\/posts"}],"about":[{"href":"https:\/\/politicapatagonica.com\/index.php\/wp-json\/wp\/v2\/types\/post"}],"author":[{"embeddable":true,"href":"https:\/\/politicapatagonica.com\/index.php\/wp-json\/wp\/v2\/users\/5"}],"replies":[{"embeddable":true,"href":"https:\/\/politicapatagonica.com\/index.php\/wp-json\/wp\/v2\/comments?post=7390"}],"version-history":[{"count":1,"href":"https:\/\/politicapatagonica.com\/index.php\/wp-json\/wp\/v2\/posts\/7390\/revisions"}],"predecessor-version":[{"id":7392,"href":"https:\/\/politicapatagonica.com\/index.php\/wp-json\/wp\/v2\/posts\/7390\/revisions\/7392"}],"wp:featuredmedia":[{"embeddable":true,"href":"https:\/\/politicapatagonica.com\/index.php\/wp-json\/wp\/v2\/media\/7391"}],"wp:attachment":[{"href":"https:\/\/politicapatagonica.com\/index.php\/wp-json\/wp\/v2\/media?parent=7390"}],"wp:term":[{"taxonomy":"category","embeddable":true,"href":"https:\/\/politicapatagonica.com\/index.php\/wp-json\/wp\/v2\/categories?post=7390"},{"taxonomy":"post_tag","embeddable":true,"href":"https:\/\/politicapatagonica.com\/index.php\/wp-json\/wp\/v2\/tags?post=7390"}],"curies":[{"name":"wp","href":"https:\/\/api.w.org\/{rel}","templated":true}]}}