{"id":7386,"date":"2025-08-13T20:31:38","date_gmt":"2025-08-13T20:31:38","guid":{"rendered":"https:\/\/politicapatagonica.com\/?p=7386"},"modified":"2025-08-13T20:31:39","modified_gmt":"2025-08-13T20:31:39","slug":"el-pj-esta-buscando-una-opcion-que-realmente-se-la-juegue-por-santa-cruz","status":"publish","type":"post","link":"https:\/\/politicapatagonica.com\/index.php\/2025\/08\/13\/el-pj-esta-buscando-una-opcion-que-realmente-se-la-juegue-por-santa-cruz\/","title":{"rendered":"El PJ &#8220;est\u00e1 buscando una opci\u00f3n que realmente se la juegue por Santa Cruz\u201d"},"content":{"rendered":"\n<p>El s\u00e1bado 26 de julio el<strong>&nbsp;Partido Justicialista de Santa Cruz<\/strong>&nbsp;design\u00f3, en un congreso provincial, a la concejal de Perito Moreno,&nbsp;<strong>Pamela Pessoa<\/strong>, y al exintendente de Gobernador Gregores,&nbsp;<strong>H\u00e9ctor Vidal<\/strong>, como los representantes del PJ en la mesa del frente electoral \u201c<strong>Fuerza Santacruce\u00f1a<\/strong>\u201d que definir\u00e1 los candidatos para las&nbsp;<strong>elecciones legislativas del 26 de octubre<\/strong>.<\/p>\n\n\n\n<p>Adem\u00e1s del PJ, el frente est\u00e1 integrado por los partidos<strong>&nbsp;Kolina<\/strong>,<strong>&nbsp;Partido de la Victoria&nbsp;<\/strong>e<strong>&nbsp;Instrumento Electoral por la Unidad Popular<\/strong>. Seg\u00fan adelant\u00f3 este mi\u00e9rcoles&nbsp;<strong>Pessoa<\/strong>&nbsp;a&nbsp;<strong>Radio LU12 AM680<\/strong>, se reunir\u00e1n<strong>&nbsp;este viernes &nbsp;15 en la sede del Partido Justicialista<\/strong>&nbsp;de calle Fagnano de&nbsp;<strong>R\u00edo Gallegos<\/strong>.<\/p>\n\n\n\n<p>\u201cEstamos en grandes momentos, de mucha rosca pol\u00edtica y de muchas resoluciones\u201d, comenz\u00f3 la congresal. Afirm\u00f3 que al encuentro tambi\u00e9n ir\u00e1n \u2013adem\u00e1s- los representantes de los otros partidos con dos representantes cada uno.&nbsp;Tras asegurar que \u201c<strong>los nombres todav\u00eda no est\u00e1n<\/strong>\u201d y que el tel\u00e9fono est\u00e1 \u201c<strong>a pleno<\/strong>\u201d, sostuvo que la expectativa que tienen desde el PJ es la de encabezar la lista. \u201c<strong>A m\u00ed me eligieron mis compa\u00f1eros<\/strong>, con mucho orgullo y tratando de hacerlo desde mi lugar, para&nbsp;<strong>pelear por mi Partido Justicialista<\/strong>\u201d, afirm\u00f3 Pessoa.<\/p>\n\n\n\n<p>Luego de aclarar que el primer lugar de la lista, seg\u00fan el g\u00e9nero, ubicar\u00e1 al resto por la ley de paridad, expres\u00f3 que tienen que elegir a tres candidatos titulares y tres suplentes. \u201cSon seis nombres que son los que tenemos que proponer y bueno,<strong>\u00a0llegaremos a un consenso en esta mesa que se conform\u00f3 en este frente electoral para ver cu\u00e1les son las mejores hombres o mujeres que pueden entrar en la lista para poder representar a todo el Partido Justicialista en Santa Cruz y ser la mejor opci\u00f3n<\/strong>\u201d.<\/p>\n\n\n\n<p>La concejal de Perito Moreno manifest\u00f3 que esta elecci\u00f3n llega \u201cen este contexto que tenemos de<strong>&nbsp;terrible de ajuste<\/strong>, donde ya no queremos que los representantes como (<strong>Jos\u00e9 Luis<\/strong>)&nbsp;<strong>Garrido<\/strong>&nbsp;o&nbsp;<strong>Roxana Reyes<\/strong>&nbsp;<strong>aparezcan solamente para elecciones\u201d y hasta remarc\u00f3 que&nbsp;<\/strong>Garrido, por ejemplo, no vot\u00f3 para el&nbsp;<strong>Garrahan<\/strong>, no vot\u00f3 a favor de la&nbsp;<strong>defensa de la educaci\u00f3n<\/strong>\u201d, mencion\u00f3.<\/p>\n\n\n\n<p>Entonces, \u201c<strong>estamos buscando una opci\u00f3n que realmente se la juegue por Santa Cruz,<\/strong>&nbsp;que sea nuestro mejor representante. Hace un a\u00f1o y medio que venimos trabajando por todas las localidades, con los partidos locales, con los compa\u00f1eros independientes,&nbsp;<strong>Dar\u00edo&nbsp;<\/strong>(<strong>Menna<\/strong>),&nbsp;<strong>Aldo&nbsp;<\/strong>(<strong>Aravena<\/strong>),<strong>&nbsp;Javier&nbsp;<\/strong>(<strong>Belloni<\/strong>) y&nbsp;<strong>Pablo&nbsp;<\/strong>(<strong>Grasso<\/strong>) como los diputados y concejales, recorriendo toda la provincia, cada localidad y nos hemos sentado en cada partido a&nbsp;<strong>escuchar a cada compa\u00f1ero<\/strong>&nbsp;qu<strong>e qued\u00f3 en la soledad absoluta en alguna localidades<\/strong>, donde hemos perdido las intendencias, las diputaciones y solamente por ah\u00ed tenemos un solo representante concejal\u201d, se\u00f1al\u00f3.<\/p>\n\n\n\n<h2>Internas<\/h2>\n\n\n\n<p>Por su parte,\u00a0<strong>Pamela Pessoa<\/strong>\u00a0fue consultada por el<strong>\u00a0pedido de internas<\/strong>\u00a0realizado por algunos dirigentes como el diputado provincial\u00a0<strong>Daniel Peralta<\/strong>\u00a0o el diputado nacional\u00a0<strong>Gustavo\u00a0<\/strong>\u201c<strong>Kaky<\/strong>\u201d\u00a0<strong>Gonz\u00e1lez<\/strong>.\u00a0 \u201cYo he participado en todos los congresos, en las primeras reuniones del peronismo tambi\u00e9n y los congresos y las reuniones han sido abiertas a todos los compa\u00f1eros\u201d y a\u00f1adi\u00f3: \u201cY en mi caso personal, como concejala de mi localidad, que he quedado sola en Perito Moreno, en la zona norte de Santa Cruz,\u00a0<strong>nunca tuve la posibilidad de sentarme a debatir abiertamente con el se\u00f1or Daniel Rom\u00e1n Peralta<\/strong>, con (<strong>Kaky<\/strong>)\u00a0<strong>Gonz\u00e1lez<\/strong>, con muchos que hoy salen a proclamarse candidatos o que piden internas\u201d.<\/p>\n\n\n\n<p>Entonces, \u201cyo lo que le digo a esta gente, a estos compa\u00f1eros, que<strong>&nbsp;el debate lo tenemos que dar adentro<\/strong>\u201d y arremeti\u00f3: \u201c<strong>P<\/strong><strong>eralta&nbsp;<\/strong>tendr\u00eda que&nbsp;<strong>haber salido a la provincia<\/strong>, caminar cada localidad,<strong>&nbsp;acompa\u00f1ar a los j\u00f3venes a poder salir adelante y sortear momentos dif\u00edciles<\/strong>\u201d. E insisti\u00f3: \u201cHoy \u00e9l opina&nbsp;<strong>desde la comodidad de un medio<\/strong>&nbsp;pero, \u00bf<strong>Por qu\u00e9 no camina la provincia como lo hacemos nosotros<\/strong>? En los congresos en los que participamos,&nbsp;<strong>\u00e9l no particip\u00f3<\/strong>,<strong>&nbsp;Gonz\u00e1lez no particip\u00f3<\/strong>, el&nbsp;<strong>otro<\/strong>&nbsp;(<strong>Pablo<\/strong>)<strong>&nbsp;Gonz\u00e1lez no particip\u00f3<\/strong>, (<strong>Sergio<\/strong>)<strong>&nbsp;Sarmiento no particip\u00f3<\/strong>; entonces, hoy vienen, agarran un medio y dicen: \u201c<strong>Yo quiero ser candidato y si no soy<\/strong>,&nbsp;<strong>me voy por afuera para el 2027<\/strong>; pero no es as\u00ed compa\u00f1eros, porque&nbsp;<strong>este tipo de personas son los que fracturan el peronismo<\/strong>\u201d, subray\u00f3.<\/p>\n\n\n\n<p>En ese mismo sentido, manifest\u00f3: \u201cNosotros tenemos un grupo de j\u00f3venes con muy buenos nombres, los mejores hombres y mujeres en los Consejos Deliberantes, en la C\u00e1mara de Diputados, que&nbsp;<strong>hemos caminado la provincia<\/strong>, que&nbsp;<strong>hemos escuchado a los compa\u00f1eros<\/strong>. Yo pas\u00e9 por Las Heras y hace cu\u00e1nto tiempo que no tenemos un concejal ah\u00ed. Y vamos al partido y acompa\u00f1amos a los compa\u00f1eros que tienen un grupo de trabajo hermoso, que le est\u00e1n poniendo todas las ganas, que no es f\u00e1cil. \u00bf<strong>Y d\u00f3nde est\u00e1 Daniel Peralta ah\u00ed<\/strong>?\u201d, se volvi\u00f3 a preguntar.<\/p>\n\n\n\n<p><strong>\u201cEsto no es un nombre propio ni de mezquindades<\/strong>, este&nbsp;<strong>es un proyecto colectivo<\/strong>. Nosotros<strong>&nbsp;tenemos que construir para el peronismo y dar la mejor opci\u00f3n<\/strong>, pero realmente tiene que ser el mejor nombre para que<strong>&nbsp;podamos tener una buena elecci\u00f3n<\/strong>&nbsp;y podamos<strong>&nbsp;meter el primero de la lista y el segundo<\/strong>\u201c, porque \u201c<strong>nos estamos preparando para un 2027<\/strong>&nbsp;y lo venimos diciendo desde el primer d\u00eda\u201d, agreg\u00f3 m\u00e1s adelante.<\/p>\n\n\n\n<p>Entre otras consideraciones, la concejal de Perito Moreno aclar\u00f3 que tiene respeto por la trayectoria de algunos dirigentes y por lo que han logrado en su carrera pol\u00edtica. Pero \u201c<strong>as\u00ed no muchachos<\/strong>, nosotros necesitamos m\u00e1s gente como\u00a0<strong>Mar\u00eda Ester<\/strong>\u00a0(<strong>Labado<\/strong>) que nos acompa\u00f1a nos ense\u00f1a, nos acent\u00faa, eso necesitamos\u201d y reclam\u00f3: \u201cA m\u00ed el se\u00f1or\u00a0<strong>Peralta<\/strong>\u00a0no me llam\u00f3 nunca.\u00a0<strong>\u00c9l primero se puso de candidato<\/strong>,\u00a0<strong>se autoproclam\u00f3<\/strong>,<strong>\u00a0ah\u00ed no pidi\u00f3 interna<\/strong>.\u00a0<strong>Despu\u00e9s se baj\u00f3<\/strong>\u201d y alert\u00f3: \u201cLos<strong>\u00a0peronistas<\/strong>\u00a0que est\u00e1n dentro del gobierno de\u00a0<strong>Claudio Vidal<\/strong>, que adem\u00e1s fueron muchos de ellos f<strong>uncionarios del kirchnerismo<\/strong>,\u00a0<strong>piden internas para romper el Partido Justicialista<\/strong>\u201d. Y cerr\u00f3; \u201cYo los invito a todos los que se consideren peronistas, afiliados, no afiliados, a que\u00a0<strong>el pr\u00f3ximo congreso participen porque es abierto<\/strong>\u201d.<\/p>\n\n\n\n<p><strong>Fuente: laopinionaustral.com.ar<\/strong><\/p>\n","protected":false},"excerpt":{"rendered":"<p>El s\u00e1bado 26 de julio el&nbsp;Partido Justicialista de Santa Cruz&nbsp;design\u00f3, en un congreso provincial, a la concejal de Perito Moreno,&nbsp;Pamela Pessoa, y al exintendente de Gobernador Gregores,&nbsp;H\u00e9ctor Vidal, como los representantes del PJ en la mesa del frente electoral \u201cFuerza Santacruce\u00f1a\u201d que definir\u00e1 los candidatos para las&nbsp;elecciones legislativas del 26 de octubre. Adem\u00e1s del PJ, [&hellip;]<\/p>\n","protected":false},"author":5,"featured_media":7387,"comment_status":"open","ping_status":"open","sticky":false,"template":"","format":"standard","meta":[],"categories":[8],"tags":[],"_links":{"self":[{"href":"https:\/\/politicapatagonica.com\/index.php\/wp-json\/wp\/v2\/posts\/7386"}],"collection":[{"href":"https:\/\/politicapatagonica.com\/index.php\/wp-json\/wp\/v2\/posts"}],"about":[{"href":"https:\/\/politicapatagonica.com\/index.php\/wp-json\/wp\/v2\/types\/post"}],"author":[{"embeddable":true,"href":"https:\/\/politicapatagonica.com\/index.php\/wp-json\/wp\/v2\/users\/5"}],"replies":[{"embeddable":true,"href":"https:\/\/politicapatagonica.com\/index.php\/wp-json\/wp\/v2\/comments?post=7386"}],"version-history":[{"count":1,"href":"https:\/\/politicapatagonica.com\/index.php\/wp-json\/wp\/v2\/posts\/7386\/revisions"}],"predecessor-version":[{"id":7388,"href":"https:\/\/politicapatagonica.com\/index.php\/wp-json\/wp\/v2\/posts\/7386\/revisions\/7388"}],"wp:featuredmedia":[{"embeddable":true,"href":"https:\/\/politicapatagonica.com\/index.php\/wp-json\/wp\/v2\/media\/7387"}],"wp:attachment":[{"href":"https:\/\/politicapatagonica.com\/index.php\/wp-json\/wp\/v2\/media?parent=7386"}],"wp:term":[{"taxonomy":"category","embeddable":true,"href":"https:\/\/politicapatagonica.com\/index.php\/wp-json\/wp\/v2\/categories?post=7386"},{"taxonomy":"post_tag","embeddable":true,"href":"https:\/\/politicapatagonica.com\/index.php\/wp-json\/wp\/v2\/tags?post=7386"}],"curies":[{"name":"wp","href":"https:\/\/api.w.org\/{rel}","templated":true}]}}