{"id":7379,"date":"2025-08-12T21:32:17","date_gmt":"2025-08-12T21:32:17","guid":{"rendered":"https:\/\/politicapatagonica.com\/?p=7379"},"modified":"2025-08-12T21:32:18","modified_gmt":"2025-08-12T21:32:18","slug":"tierra-del-fuego-el-peronismo-lla-pro-y-partidos-provinciales-se-disputan-cinco-bancas-clave-en-el-congreso","status":"publish","type":"post","link":"https:\/\/politicapatagonica.com\/index.php\/2025\/08\/12\/tierra-del-fuego-el-peronismo-lla-pro-y-partidos-provinciales-se-disputan-cinco-bancas-clave-en-el-congreso\/","title":{"rendered":"Tierra del Fuego: el peronismo, LLA-PRO y partidos provinciales se disputan cinco bancas clave en el Congreso"},"content":{"rendered":"\n<p><strong>Tierra del Fuego<\/strong>\u00a0define su representaci\u00f3n en el Congreso de la Naci\u00f3n con la renovaci\u00f3n de sus tres representantes en el Senado y dos de las cinco bancas de la C\u00e1mara de Diputados.<\/p>\n\n\n\n<p><strong>La Libertad Avanza<\/strong>\u00a0y el\u00a0<strong>PRO\u00a0<\/strong>intentar\u00e1n arrebatarle al\u00a0<strong>peronismo\u00a0<\/strong>los tres espacios que ostenta, dos de ellos en la C\u00e1mara Alta, mientras que el oficialismo aliado con estructuras justicialistas y sindicatos aprieta los pu\u00f1os para intentar retener esca\u00f1os propios.<\/p>\n\n\n\n<p>La rivalidad est\u00e1 planteada.\u00a0<strong>Fuerza Patria<\/strong>, alianza de la que forma parte el gobernador\u00a0<strong>Gustavo Melella<\/strong>, se medir\u00e1 el frente que integran los libertarios y el partido amarillo, aunque otras dos estructuras de corte provincial mostraron los dientes y\u00a0<strong>vaticinan una elecci\u00f3n re\u00f1ida<\/strong>.<\/p>\n\n\n\n<p>Estas \u00faltimas comparten discurso. Ni con Milei ni con los K.\u00a0<strong>Buscan diferenciarse de las grandes estructuras y aprovechan el trampol\u00edn de las legislativas<\/strong>\u00a0de t\u00e9rmino medio para lanzarse a la gobernaci\u00f3n provincial, prevista para 2027.<\/p>\n\n\n\n<p>La provincia renovar\u00e1 las tres bancas del Senado y dos de las cinco de Diputados. El Juez Federal\u00a0<strong>Federico Calvete<\/strong>, con injerencia en la contienda electoral, alist\u00f3 a su equipo para la recepci\u00f3n de las listas en la dependencia de la tur\u00edstica ciudad de\u00a0<strong>Ushuaia<\/strong>.<\/p>\n\n\n\n<p>Algo m\u00e1s de&nbsp;<strong>150 mil electores<\/strong>&nbsp;acudir\u00e1n a las urnas en 72 establecimientos educativos, la mayor\u00eda de los cuales se ubican en Ushuaia, R\u00edo Grande y Tolhuin. Cerca de&nbsp;<strong>200 electores emitir\u00e1n su voto en la Ant\u00e1rtida<\/strong>, perteneciente a la jurisdicci\u00f3n fueguina.<\/p>\n\n\n\n<h2>Representaci\u00f3n<\/h2>\n\n\n\n<p>La provincia renovar\u00e1 todas sus bancas en el&nbsp;<strong>Senado<\/strong>, con el cumplimiento de mandatos de la camporista&nbsp;<strong>Mar\u00eda Dur\u00e9<\/strong>&nbsp;y la peronista&nbsp;<strong>Cristina L\u00f3pez<\/strong>, y del radical&nbsp;<strong>Pablo Blanco<\/strong>.<\/p>\n\n\n\n<p>En diputados, habr\u00e1 dos esca\u00f1os en juego: el de&nbsp;<strong>Carolina Yutrovic<\/strong>, de Uni\u00f3n por la Patria, y el de&nbsp;<strong>Ricardo Garramu\u00f1o<\/strong>, del partido provincial Somos Fueguinos, quien ingres\u00f3 al recinto en remplazo del fallecido H\u00e9ctor Stefani (PRO).<\/p>\n\n\n\n<p><strong>El movimiento Forja, del que forma parte el gobernador provincial, integra la alianza Fuerza Patria, d<\/strong>el que participan tambi\u00e9n el intendente de Ushuaia,\u00a0<strong>W\u00e1lter Vuoto<\/strong>, agrupaciones peronistas y numerosas entidades sindicales, adem\u00e1s de algunos extrapartidarios.<\/p>\n\n\n\n<p><strong>La Libertad Avanza y el PRO<\/strong>\u00a0acordaron una lista \u00fanica para confrontar al oficialismo e intentar arrebatarle las bancas que hoy tienen tinte peronista. Busca sumar representaci\u00f3n a la \u00fanica banca libertaria que tiene al diputado\u00a0<strong>Santiago Pauli<\/strong>\u00a0como \u00fanico alfil, con vigencia hasta 2027.<\/p>\n\n\n\n<p>El radicalismo provincial quiere conservar la banca del senador Blanco, quien&nbsp;<strong>buscar\u00e1 la reelecci\u00f3n en ese recinto<\/strong>, y para sumar adhesiones capt\u00f3 a varios disidentes del PRO que no comulgaron con el acuerdo con LLA.<\/p>\n\n\n\n<p>Sin embargo, m\u00e1s all\u00e1 de las grandes estructuras, quienes prometen pelea son dos estructuras de corte provincial, una de las cuales \u2013&nbsp;<strong>Somos Fueguinos<\/strong>&#8211; pone en juego la banca que ocupa el legislador Garramu\u00f1o.<\/p>\n\n\n\n<p>Sin alianzas con fuerzas nacionales, el partido intentar\u00e1 retener la banca de Garramu\u00f1o. \u201cSomos fueguinos.&nbsp;<strong>Partido provincial, sin coaliciones ni alianzas<\/strong>\u201d, dijeron desde esa estructura, que encara el comicio sin aliados.<\/p>\n\n\n\n<p>En la misma sinton\u00eda,&nbsp;<strong>Defendamos Tierra del Fuego<\/strong>&nbsp;buscar\u00e1 doblegar al oficialismo peronista y a la alianza libertaria. Es impulsada por&nbsp;<strong>Mart\u00edn P\u00e9rez<\/strong>, intendente de R\u00edo Grande, la ciudad m\u00e1s poblada de la provincia, y el de Tolhuin,&nbsp;<strong>Daniel Harrington<\/strong>.<\/p>\n\n\n\n<p>Est\u00e1 integrada por el\u00a0<strong>Movimiento Popular Fueguino<\/strong>, ex aliado del gobernador Melella, y el Frente Renovador, entre otras estructuras menores.<\/p>\n\n\n\n<p><strong>Fuente: www.infobae.com<\/strong><\/p>\n","protected":false},"excerpt":{"rendered":"<p>Tierra del Fuego\u00a0define su representaci\u00f3n en el Congreso de la Naci\u00f3n con la renovaci\u00f3n de sus tres representantes en el Senado y dos de las cinco bancas de la C\u00e1mara de Diputados. La Libertad Avanza\u00a0y el\u00a0PRO\u00a0intentar\u00e1n arrebatarle al\u00a0peronismo\u00a0los tres espacios que ostenta, dos de ellos en la C\u00e1mara Alta, mientras que el oficialismo aliado con [&hellip;]<\/p>\n","protected":false},"author":5,"featured_media":7380,"comment_status":"open","ping_status":"open","sticky":false,"template":"","format":"standard","meta":[],"categories":[11],"tags":[],"_links":{"self":[{"href":"https:\/\/politicapatagonica.com\/index.php\/wp-json\/wp\/v2\/posts\/7379"}],"collection":[{"href":"https:\/\/politicapatagonica.com\/index.php\/wp-json\/wp\/v2\/posts"}],"about":[{"href":"https:\/\/politicapatagonica.com\/index.php\/wp-json\/wp\/v2\/types\/post"}],"author":[{"embeddable":true,"href":"https:\/\/politicapatagonica.com\/index.php\/wp-json\/wp\/v2\/users\/5"}],"replies":[{"embeddable":true,"href":"https:\/\/politicapatagonica.com\/index.php\/wp-json\/wp\/v2\/comments?post=7379"}],"version-history":[{"count":1,"href":"https:\/\/politicapatagonica.com\/index.php\/wp-json\/wp\/v2\/posts\/7379\/revisions"}],"predecessor-version":[{"id":7381,"href":"https:\/\/politicapatagonica.com\/index.php\/wp-json\/wp\/v2\/posts\/7379\/revisions\/7381"}],"wp:featuredmedia":[{"embeddable":true,"href":"https:\/\/politicapatagonica.com\/index.php\/wp-json\/wp\/v2\/media\/7380"}],"wp:attachment":[{"href":"https:\/\/politicapatagonica.com\/index.php\/wp-json\/wp\/v2\/media?parent=7379"}],"wp:term":[{"taxonomy":"category","embeddable":true,"href":"https:\/\/politicapatagonica.com\/index.php\/wp-json\/wp\/v2\/categories?post=7379"},{"taxonomy":"post_tag","embeddable":true,"href":"https:\/\/politicapatagonica.com\/index.php\/wp-json\/wp\/v2\/tags?post=7379"}],"curies":[{"name":"wp","href":"https:\/\/api.w.org\/{rel}","templated":true}]}}