{"id":7376,"date":"2025-08-12T21:21:32","date_gmt":"2025-08-12T21:21:32","guid":{"rendered":"https:\/\/politicapatagonica.com\/?p=7376"},"modified":"2025-08-12T21:21:33","modified_gmt":"2025-08-12T21:21:33","slug":"rolando-figueroa-se-reunio-con-guillermo-francos-para-reclamar-una-deuda-de-nacion-con-neuquen-no-peleamos-por-pelear","status":"publish","type":"post","link":"https:\/\/politicapatagonica.com\/index.php\/2025\/08\/12\/rolando-figueroa-se-reunio-con-guillermo-francos-para-reclamar-una-deuda-de-nacion-con-neuquen-no-peleamos-por-pelear\/","title":{"rendered":"Rolando Figueroa se reuni\u00f3 con Guillermo Francos para reclamar una deuda de Naci\u00f3n con Neuqu\u00e9n: &#8220;No peleamos por pelear&#8221;"},"content":{"rendered":"\n<p>En medio de la tensi\u00f3n abierta y las negociaciones a\u00fan latentes con los gobernadores,\u00a0el jefe de Gabinete, Guillermo Francos, mantuvo un encuentro con el gobernador de Neuqu\u00e9n, Rolando Figueroa. El neuquino arrib\u00f3 a la Casa Rosada cerca del mediod\u00eda con el objetivo de<strong>\u00a0reclamar una deuda de la Naci\u00f3n con su provincia.<\/strong><\/p>\n\n\n\n<p>El encuentro entre el gobernador y el funcionario de Javier Milei se da en la previa al cierre de listas de cara a las elecciones de octubre. El Gobierno est\u00e1 retomando el di\u00e1logo con algunos representantes provinciales y este martes lleg\u00f3 el turno de Rolando Figueroa.<\/p>\n\n\n\n<h2>La deuda de Naci\u00f3n con Neuqu\u00e9n: qu\u00e9 dijo Rolando Figueroa<\/h2>\n\n\n\n<hr class=\"wp-block-separator has-alpha-channel-opacity\"\/>\n\n\n\n<p><strong>Previo a ingresar a la Casa Rosada, el gobernador neuquino oficializ\u00f3 el reclamo al Poder Ejecutivo. Seg\u00fan informaron la misma gira en torno a una compensaci\u00f3n que se eleva a 180 millones d\u00f3lares a ra\u00edz de una deuda de Anses con la provincia en concepto de cajas previsionales.<\/strong><\/p>\n\n\n\n<p>Figueroa en sus declaraciones\u00a0plante\u00f3: &#8220;Estamos hablando acerca de las distintas compensaciones de deuda que hemos firmado con el Gobierno Nacional.<strong>\u00a0La provincia de Neuqu\u00e9n no tiene deuda con la Naci\u00f3n, entonces tenemos acreencia del ANSES y queremos hablar para ver de qu\u00e9 manera podemos llegar a poder lograr una compensaci\u00f3n de esas deuda<\/strong>s&#8221;.<\/p>\n\n\n\n<p>El gobernador se\u00f1al\u00f3 que lleg\u00f3 con la intenci\u00f3n de lograr un acuerdo y cont\u00f3: <strong>Una de las sugerencias que traemos sobre la mesa es poder incluir la posibilidad de compensaci\u00f3n con bienes del Estado Nacional en la provincia. As\u00ed que ese va a ser uno de los planteos y tambi\u00e9n siempre la voluntad de trabajar en concordancia con la posibilidad de construir una Argentina diferente.<\/strong><\/p>\n\n\n\n<p>Tambi\u00e9n expres\u00f3: &#8220;<strong>Nosotros no peleamos por pelear,<\/strong> peleamos por Neuqu\u00e9n, es decir, si alguna medida lo beneficia Neuqu\u00e9n la vamos a apoyar, si alguna lo perjudica no la apoyaremos&#8221;.<\/p>\n\n\n\n<p>En cuanto a la deuda que escala a los 180 millones de d\u00f3lares, aclar\u00f3 que falta el tr\u00e1mite de auditor\u00eda que debe realizar el Estado sobre las cajas jubilatorias provinciales.\u00a0<strong>Las estamos solicitando desde hace mucho tiempo y estas auditor\u00edas ratifican de alguna manera cu\u00e1l es la composici\u00f3n de la deuda<\/strong>, agreg\u00f3.<\/p>\n\n\n\n<p><strong>Fuente: www.rionegro.com.ar<\/strong><\/p>\n","protected":false},"excerpt":{"rendered":"<p>En medio de la tensi\u00f3n abierta y las negociaciones a\u00fan latentes con los gobernadores,\u00a0el jefe de Gabinete, Guillermo Francos, mantuvo un encuentro con el gobernador de Neuqu\u00e9n, Rolando Figueroa. El neuquino arrib\u00f3 a la Casa Rosada cerca del mediod\u00eda con el objetivo de\u00a0reclamar una deuda de la Naci\u00f3n con su provincia. El encuentro entre el [&hellip;]<\/p>\n","protected":false},"author":5,"featured_media":7377,"comment_status":"open","ping_status":"open","sticky":false,"template":"","format":"standard","meta":[],"categories":[9],"tags":[],"_links":{"self":[{"href":"https:\/\/politicapatagonica.com\/index.php\/wp-json\/wp\/v2\/posts\/7376"}],"collection":[{"href":"https:\/\/politicapatagonica.com\/index.php\/wp-json\/wp\/v2\/posts"}],"about":[{"href":"https:\/\/politicapatagonica.com\/index.php\/wp-json\/wp\/v2\/types\/post"}],"author":[{"embeddable":true,"href":"https:\/\/politicapatagonica.com\/index.php\/wp-json\/wp\/v2\/users\/5"}],"replies":[{"embeddable":true,"href":"https:\/\/politicapatagonica.com\/index.php\/wp-json\/wp\/v2\/comments?post=7376"}],"version-history":[{"count":1,"href":"https:\/\/politicapatagonica.com\/index.php\/wp-json\/wp\/v2\/posts\/7376\/revisions"}],"predecessor-version":[{"id":7378,"href":"https:\/\/politicapatagonica.com\/index.php\/wp-json\/wp\/v2\/posts\/7376\/revisions\/7378"}],"wp:featuredmedia":[{"embeddable":true,"href":"https:\/\/politicapatagonica.com\/index.php\/wp-json\/wp\/v2\/media\/7377"}],"wp:attachment":[{"href":"https:\/\/politicapatagonica.com\/index.php\/wp-json\/wp\/v2\/media?parent=7376"}],"wp:term":[{"taxonomy":"category","embeddable":true,"href":"https:\/\/politicapatagonica.com\/index.php\/wp-json\/wp\/v2\/categories?post=7376"},{"taxonomy":"post_tag","embeddable":true,"href":"https:\/\/politicapatagonica.com\/index.php\/wp-json\/wp\/v2\/tags?post=7376"}],"curies":[{"name":"wp","href":"https:\/\/api.w.org\/{rel}","templated":true}]}}