{"id":7366,"date":"2025-08-08T23:39:13","date_gmt":"2025-08-08T23:39:13","guid":{"rendered":"https:\/\/politicapatagonica.com\/?p=7366"},"modified":"2025-08-08T23:39:14","modified_gmt":"2025-08-08T23:39:14","slug":"santa-cruz-logra-un-aumento-de-la-cuota-social-de-langostino","status":"publish","type":"post","link":"https:\/\/politicapatagonica.com\/index.php\/2025\/08\/08\/santa-cruz-logra-un-aumento-de-la-cuota-social-de-langostino\/","title":{"rendered":"Santa Cruz logra un aumento de la cuota social de langostino"},"content":{"rendered":"\n<p><strong>Esta medida, establecida en la Resoluci\u00f3n CFP N\u00b0 9\/2025, reconoce y compensa el compromiso asumido junto a la provincia de Chubut de no permitir la captura de langostino en el Golfo San Jorge, un \u00e1rea estrat\u00e9gica para la conservaci\u00f3n de la especie y la sostenibilidad de la pesquer\u00eda.<\/strong><\/p>\n\n\n\n<p><strong>El logro es fruto del trabajo articulado, por pedido del gobernador Claudio Vidal<\/strong>, de la Subsecretar\u00eda de Pesca y Actividades Portuarias junto con el Ministerio de la Producci\u00f3n, Comercio e Industria, que impulsaron el reclamo provincial en las instancias t\u00e9cnicas y pol\u00edticas correspondientes.<\/p>\n\n\n\n<p><strong>Un respaldo a la flota fresquera y la industria local<\/strong><\/p>\n\n\n\n<p>La cuota social asignada <strong>deber\u00e1 ser utilizada por buques fresqueros nominados por la provincia, con la obligaci\u00f3n de desembarcar la totalidad de las capturas en puertos santacruce\u00f1os.<\/strong> Esto implica un mayor volumen de materia prima disponible para las plantas procesadoras locales, fortaleciendo el empleo y la producci\u00f3n con valor agregado.<\/p>\n\n\n\n<p>En respuesta a la dif\u00edcil situaci\u00f3n que atraves\u00f3 el sector este a\u00f1o -con un inicio demorado de la zafra y p\u00e9rdidas socioecon\u00f3micas-, el CFP dispuso incrementar en un 100% las autorizaciones de captura limitadas en cantidad, para todas las jurisdicciones, y suspender por este a\u00f1o la<strong> aplicaci\u00f3n del art\u00edculo 10 de la Resoluci\u00f3n CFP N\u00b0 7\/2018. Esto permitir\u00e1 optimizar el aprovechamiento de la temporada y garantizar un flujo constante de materia prima hacia la industria, que tendr\u00e1 la posibilidad de aprovechar 9 mil toneladas.<\/strong><\/p>\n\n\n\n<p><strong>Un reclamo con sustento<\/strong><\/p>\n\n\n\n<p>En reuniones previas de la Comisi\u00f3n de Seguimiento del Langostino, <strong>Santa Cruz expuso que mantener cerrada la pesca en el Golfo San Jorge protege un \u00e1rea fundamental del ciclo biol\u00f3gico del langostino, pero tambi\u00e9n genera menor acceso a recursos para la flota local y capacidad ociosa en las plantas procesadoras<\/strong>. La creciente demanda internacional de productos de mayor trazabilidad y valor agregado hace indispensable asegurar un abastecimiento estable, para la industria pesquera santacruce\u00f1a.<\/p>\n\n\n\n<p>Esta decisi\u00f3n<strong> se enmarca en la pol\u00edtica del gobernador Claudio Vidal de generar empleo genuino sin darle la espalda al mar, a sus recursos y a los trabajadores de la pesca. El gobierno provincial asume el compromiso de defender la actividad pesquera<\/strong> como motor de desarrollo, cuidando el ambiente, garantizando la sustentabilidad de la especie y priorizando siempre la mano de obra local.<\/p>\n\n\n\n<p>Con este incremento del cupo social,<strong> Santa Cruz refuerza su posici\u00f3n como provincia pesquera estrat\u00e9gica del pa\u00eds, garantizando que el desarrollo de la actividad se realice con sustentabilidad ambiental, <\/strong>generaci\u00f3n de empleo local y crecimiento econ\u00f3mico regional.<\/p>\n\n\n\n<p><strong>Fuente: www.mediaticadigital.com.ar<\/strong><\/p>\n","protected":false},"excerpt":{"rendered":"<p>Esta medida, establecida en la Resoluci\u00f3n CFP N\u00b0 9\/2025, reconoce y compensa el compromiso asumido junto a la provincia de Chubut de no permitir la captura de langostino en el Golfo San Jorge, un \u00e1rea estrat\u00e9gica para la conservaci\u00f3n de la especie y la sostenibilidad de la pesquer\u00eda. El logro es fruto del trabajo articulado, [&hellip;]<\/p>\n","protected":false},"author":5,"featured_media":7367,"comment_status":"open","ping_status":"open","sticky":false,"template":"","format":"standard","meta":[],"categories":[8],"tags":[],"_links":{"self":[{"href":"https:\/\/politicapatagonica.com\/index.php\/wp-json\/wp\/v2\/posts\/7366"}],"collection":[{"href":"https:\/\/politicapatagonica.com\/index.php\/wp-json\/wp\/v2\/posts"}],"about":[{"href":"https:\/\/politicapatagonica.com\/index.php\/wp-json\/wp\/v2\/types\/post"}],"author":[{"embeddable":true,"href":"https:\/\/politicapatagonica.com\/index.php\/wp-json\/wp\/v2\/users\/5"}],"replies":[{"embeddable":true,"href":"https:\/\/politicapatagonica.com\/index.php\/wp-json\/wp\/v2\/comments?post=7366"}],"version-history":[{"count":1,"href":"https:\/\/politicapatagonica.com\/index.php\/wp-json\/wp\/v2\/posts\/7366\/revisions"}],"predecessor-version":[{"id":7368,"href":"https:\/\/politicapatagonica.com\/index.php\/wp-json\/wp\/v2\/posts\/7366\/revisions\/7368"}],"wp:featuredmedia":[{"embeddable":true,"href":"https:\/\/politicapatagonica.com\/index.php\/wp-json\/wp\/v2\/media\/7367"}],"wp:attachment":[{"href":"https:\/\/politicapatagonica.com\/index.php\/wp-json\/wp\/v2\/media?parent=7366"}],"wp:term":[{"taxonomy":"category","embeddable":true,"href":"https:\/\/politicapatagonica.com\/index.php\/wp-json\/wp\/v2\/categories?post=7366"},{"taxonomy":"post_tag","embeddable":true,"href":"https:\/\/politicapatagonica.com\/index.php\/wp-json\/wp\/v2\/tags?post=7366"}],"curies":[{"name":"wp","href":"https:\/\/api.w.org\/{rel}","templated":true}]}}