{"id":7360,"date":"2025-08-07T23:33:11","date_gmt":"2025-08-07T23:33:11","guid":{"rendered":"https:\/\/politicapatagonica.com\/?p=7360"},"modified":"2025-08-07T23:33:12","modified_gmt":"2025-08-07T23:33:12","slug":"figueroa-refuerza-el-modelo-neuquino-y-llama-a-poner-a-neuquen-primero","status":"publish","type":"post","link":"https:\/\/politicapatagonica.com\/index.php\/2025\/08\/07\/figueroa-refuerza-el-modelo-neuquino-y-llama-a-poner-a-neuquen-primero\/","title":{"rendered":"Figueroa refuerza el modelo neuquino y llama a \u201cponer a Neuqu\u00e9n primero\u201d"},"content":{"rendered":"\n<p><strong>En un mensaje enf\u00e1tico difundido este jueves en redes sociales, el gobernador Rolando Figueroa volvi\u00f3 a poner en el centro de la escena el modelo neuquino de desarrollo, al publicar un video que resalta las cualidades de Neuqu\u00e9n, el compromiso de su gente y la necesidad de proteger lo construido desde la gesti\u00f3n actual.<\/strong><\/p>\n\n\n\n<p>La publicaci\u00f3n fue acompa\u00f1ada por un texto en el que <strong>Figueroa establece una fuerte contraposici\u00f3n pol\u00edtica: \u201cEn estos tiempos tenemos que optar entre quienes resguardan Neuqu\u00e9n o quienes acatan \u00f3rdenes de Buenos Aires\u201d. <\/strong>Con frases como \u201cla voz de La Neuquinidad\u201d o \u201cel silencio de los que bajan la cabeza\u201d, el mandatario apunt\u00f3 a marcar diferenciasfrente a referentes pol\u00edticos nacionales.<\/p>\n\n\n\n<p><strong>El momento de difusi\u00f3n del contenido no fue casual: coincidi\u00f3 con el cierre de inscripci\u00f3n de alianzas para las elecciones legislativas de octubre.<\/strong> El gobernador reafirm\u00f3 su compromiso con una identidad territorial fuerte y con un proyecto que defienda los intereses locales en cada \u00e1mbito de decisi\u00f3n nacional.<\/p>\n\n\n\n<p><strong>Figueroa insisti\u00f3 en que \u201cen cada ley, en cada presupuesto, en cada decisi\u00f3n nacional, est\u00e1 en juego nuestro futuro: los recursos que generamos, el trabajo de nuestra gente, las oportunidades para nuestros hijos\u201d<\/strong>. El mandatario expres\u00f3 que su gesti\u00f3n representa a quienes desean que Neuqu\u00e9n crezca con autonom\u00eda y sin imposiciones externas.<\/p>\n\n\n\n<p><br>Finalmente, el gobernador cerr\u00f3 su mensaje con un llamado directo:<strong> \u201cEs tiempo de llevar la voz de la neuquinidad al Congreso de la Naci\u00f3n. Es tiempo de poner a Neuqu\u00e9n primero\u201d. <\/strong>La frase resume su posicionamiento de cara a las elecciones y refuerza el sentido federal y provincialista de su propuesta pol\u00edtica.<\/p>\n\n\n\n<p><strong>Fuente: diarioneuquen.com.ar<\/strong><\/p>\n","protected":false},"excerpt":{"rendered":"<p>En un mensaje enf\u00e1tico difundido este jueves en redes sociales, el gobernador Rolando Figueroa volvi\u00f3 a poner en el centro de la escena el modelo neuquino de desarrollo, al publicar un video que resalta las cualidades de Neuqu\u00e9n, el compromiso de su gente y la necesidad de proteger lo construido desde la gesti\u00f3n actual. La [&hellip;]<\/p>\n","protected":false},"author":5,"featured_media":7361,"comment_status":"open","ping_status":"open","sticky":false,"template":"","format":"standard","meta":[],"categories":[9],"tags":[],"_links":{"self":[{"href":"https:\/\/politicapatagonica.com\/index.php\/wp-json\/wp\/v2\/posts\/7360"}],"collection":[{"href":"https:\/\/politicapatagonica.com\/index.php\/wp-json\/wp\/v2\/posts"}],"about":[{"href":"https:\/\/politicapatagonica.com\/index.php\/wp-json\/wp\/v2\/types\/post"}],"author":[{"embeddable":true,"href":"https:\/\/politicapatagonica.com\/index.php\/wp-json\/wp\/v2\/users\/5"}],"replies":[{"embeddable":true,"href":"https:\/\/politicapatagonica.com\/index.php\/wp-json\/wp\/v2\/comments?post=7360"}],"version-history":[{"count":1,"href":"https:\/\/politicapatagonica.com\/index.php\/wp-json\/wp\/v2\/posts\/7360\/revisions"}],"predecessor-version":[{"id":7362,"href":"https:\/\/politicapatagonica.com\/index.php\/wp-json\/wp\/v2\/posts\/7360\/revisions\/7362"}],"wp:featuredmedia":[{"embeddable":true,"href":"https:\/\/politicapatagonica.com\/index.php\/wp-json\/wp\/v2\/media\/7361"}],"wp:attachment":[{"href":"https:\/\/politicapatagonica.com\/index.php\/wp-json\/wp\/v2\/media?parent=7360"}],"wp:term":[{"taxonomy":"category","embeddable":true,"href":"https:\/\/politicapatagonica.com\/index.php\/wp-json\/wp\/v2\/categories?post=7360"},{"taxonomy":"post_tag","embeddable":true,"href":"https:\/\/politicapatagonica.com\/index.php\/wp-json\/wp\/v2\/tags?post=7360"}],"curies":[{"name":"wp","href":"https:\/\/api.w.org\/{rel}","templated":true}]}}