{"id":7356,"date":"2025-08-07T22:50:37","date_gmt":"2025-08-07T22:50:37","guid":{"rendered":"https:\/\/politicapatagonica.com\/?p=7356"},"modified":"2025-08-07T22:51:44","modified_gmt":"2025-08-07T22:51:44","slug":"muchos-intendentes-le-pedimos-a-berhongaray-que-no-vaya-como-candidato","status":"publish","type":"post","link":"https:\/\/politicapatagonica.com\/index.php\/2025\/08\/07\/muchos-intendentes-le-pedimos-a-berhongaray-que-no-vaya-como-candidato\/","title":{"rendered":"&#8220;Muchos intendentes le pedimos a Berhongaray que no vaya como candidato&#8221;"},"content":{"rendered":"\n<p><strong>&#8220;Muchos intendentes le pedimos a Berhongaray que no vaya como candidato&#8221;<\/strong>.<\/p>\n\n\n\n<p>Vega, quien admiti\u00f3 su falta de experiencia pol\u00edtica, pero defendi\u00f3 su postura, reafirm\u00f3 que varios intendentes han conversado con Berhongaray para pedirle que no compita en este contexto.<strong>&nbsp;&#8220;Pensamos que es una falta de respeto hacia la gente que ahora vaya por la diputaci\u00f3n y en menos de un a\u00f1o est\u00e9 pensando en el armado para intentar ganar la provincia en 2027&#8221;<\/strong>, sentenci\u00f3 el intendente.<\/p>\n\n\n\n<p>El reclamo central de este grupo es evitar las&nbsp;<strong>&#8220;candidaturas testimoniales&#8221;<\/strong>, es decir, aquellas que se usan para ganar exposici\u00f3n sin la intenci\u00f3n real de cumplir el mandato por el que se postulan.<\/p>\n\n\n\n<p>Desaf\u00edo p\u00fablico<\/p>\n\n\n\n<p><strong>En un gesto de quiebre dentro de la UCR,<\/strong> Vega desafi\u00f3 p\u00fablicamente a cualquier intendente que haya llamado a Berhongaray a postularse.&nbsp;<strong>&#8220;No hubo un solo intendente que&nbsp;hasta esta \u00faltima semana&nbsp;lo haya llamado a Mart\u00edn Berhongaray para pedirle que sea candidato a diputado&#8230; si no es as\u00ed, que salga p\u00fablicamente a desmentirme&#8221;,<\/strong>&nbsp;resalt\u00f3. En rigor de verdad, el exdiputado provincial y nacional siempre descart\u00f3 esa posibilidad.<\/p>\n\n\n\n<p>El joven intendente hizo un llamado a los&nbsp;<strong>&#8220;dirigentes hist\u00f3ricos&#8221;<\/strong>&nbsp;del partido para que escuchen a las voces del interior.&nbsp;<strong>&#8220;Tal vez mi voz como la de otros intendentes del interior no sea muy escuchada, pero deber\u00edan porque tambi\u00e9n representamos al radicalismo. Cuando hablan de radicalismo, nosotros tambi\u00e9n somos parte del radicalismo&#8221;<\/strong>, remarc\u00f3, dejando en evidencia la tensi\u00f3n interna que atraviesa el partido.<\/p>\n\n\n\n<p><strong>Fuente: www.eldiariodelapampa.com.ar<\/strong><\/p>\n","protected":false},"excerpt":{"rendered":"<p>&#8220;Muchos intendentes le pedimos a Berhongaray que no vaya como candidato&#8221;. Vega, quien admiti\u00f3 su falta de experiencia pol\u00edtica, pero defendi\u00f3 su postura, reafirm\u00f3 que varios intendentes han conversado con Berhongaray para pedirle que no compita en este contexto.&nbsp;&#8220;Pensamos que es una falta de respeto hacia la gente que ahora vaya por la diputaci\u00f3n y [&hellip;]<\/p>\n","protected":false},"author":5,"featured_media":7357,"comment_status":"open","ping_status":"open","sticky":false,"template":"","format":"standard","meta":[],"categories":[10],"tags":[],"_links":{"self":[{"href":"https:\/\/politicapatagonica.com\/index.php\/wp-json\/wp\/v2\/posts\/7356"}],"collection":[{"href":"https:\/\/politicapatagonica.com\/index.php\/wp-json\/wp\/v2\/posts"}],"about":[{"href":"https:\/\/politicapatagonica.com\/index.php\/wp-json\/wp\/v2\/types\/post"}],"author":[{"embeddable":true,"href":"https:\/\/politicapatagonica.com\/index.php\/wp-json\/wp\/v2\/users\/5"}],"replies":[{"embeddable":true,"href":"https:\/\/politicapatagonica.com\/index.php\/wp-json\/wp\/v2\/comments?post=7356"}],"version-history":[{"count":2,"href":"https:\/\/politicapatagonica.com\/index.php\/wp-json\/wp\/v2\/posts\/7356\/revisions"}],"predecessor-version":[{"id":7359,"href":"https:\/\/politicapatagonica.com\/index.php\/wp-json\/wp\/v2\/posts\/7356\/revisions\/7359"}],"wp:featuredmedia":[{"embeddable":true,"href":"https:\/\/politicapatagonica.com\/index.php\/wp-json\/wp\/v2\/media\/7357"}],"wp:attachment":[{"href":"https:\/\/politicapatagonica.com\/index.php\/wp-json\/wp\/v2\/media?parent=7356"}],"wp:term":[{"taxonomy":"category","embeddable":true,"href":"https:\/\/politicapatagonica.com\/index.php\/wp-json\/wp\/v2\/categories?post=7356"},{"taxonomy":"post_tag","embeddable":true,"href":"https:\/\/politicapatagonica.com\/index.php\/wp-json\/wp\/v2\/tags?post=7356"}],"curies":[{"name":"wp","href":"https:\/\/api.w.org\/{rel}","templated":true}]}}