{"id":7353,"date":"2025-08-06T21:29:18","date_gmt":"2025-08-06T21:29:18","guid":{"rendered":"https:\/\/politicapatagonica.com\/?p=7353"},"modified":"2025-08-06T21:29:19","modified_gmt":"2025-08-06T21:29:19","slug":"rio-negro-asegura-que-el-freno-a-la-exportacion-de-carne-a-chile-es-un-grave-retroceso","status":"publish","type":"post","link":"https:\/\/politicapatagonica.com\/index.php\/2025\/08\/06\/rio-negro-asegura-que-el-freno-a-la-exportacion-de-carne-a-chile-es-un-grave-retroceso\/","title":{"rendered":"R\u00edo Negro asegura que el freno a la exportaci\u00f3n de carne a Chile \u201ces un grave retroceso\u201d"},"content":{"rendered":"\n<p>El\u00a0<strong>subsecretario de Ganader\u00eda de R\u00edo Negro, Tabar\u00e9 Bassi,<\/strong>\u00a0dijo que la decisi\u00f3n del g<strong>obierno chileno de suspender las importaciones de carne de origen argentino\u00a0<\/strong>por la reciente\u00a0flexibilizaci\u00f3n de la barrera antiaftosa\u00a0que funcion\u00f3 durante m\u00e1s de 20 a\u00f1os en el rio Colorado significa\u00a0<strong>\u201cun retroceso para la Patagonia y para todo el pa\u00eds\u201d.<\/strong><\/p>\n\n\n\n<p>La medida del pa\u00eds vecino fue la<strong>\u00a0primera reacci\u00f3n tangible contra la resoluci\u00f3n del Senasa que habilit\u00f3 el ingreso de carne con hueso hacia las provincias patag\u00f3nicas<\/strong>, donde rige la categor\u00eda \u201clibre de aftosa sin vacunaci\u00f3n\u201d, a diferencia del norte, que todav\u00eda tiene vacunaci\u00f3n obligatoria.<\/p>\n\n\n\n<p>Seg\u00fan el funcionario rionegrino, e<strong>l cuadro podr\u00eda agravarse todav\u00eda m\u00e1s si otros compradores como Jap\u00f3n y la Uni\u00f3n Europea siguen el mismo camino<\/strong>. Dijo que los paises del viejo continente mostraron voluntad de mantener el circuito comercial activo con Argentina pero exigir\u00edan inspecciones peri\u00f3dicas<\/p>\n\n\n\n<p>Bassi dijo que&nbsp;<strong>el mayor perjuicio de lo decidido por Chile es para las provincias de Tierra del Fuego, Santa Cruz y Chubut&nbsp;<\/strong>y&nbsp;<strong>tambi\u00e9n para el sur de R\u00edo Negro y Neuqu\u00e9n,<\/strong>&nbsp;que ten\u00edan habilitado ese mercado.<\/p>\n\n\n\n<p>Se\u00f1al\u00f3 que para<strong>\u00a0la producci\u00f3n de bovinos del norte de R\u00edo Negro y de los departamentos neuquinos de Confluencia y Pic\u00fan Leuf\u00fa<\/strong>\u00a0(tanto cortes c\u00e1rnicos como animales en pie<strong>) no hab\u00eda posibilidad de ingresar a Chile,\u00a0<\/strong>a pesar de que tambi\u00e9n es una zona sin aftosa y sin vacunaci\u00f3n, porque segu\u00eda pendiente un tr\u00e1mite inconcluso que la regi\u00f3n solicit\u00f3 durante largo tiempo al gobierno nacional.<\/p>\n\n\n\n<p><strong>Refiri\u00f3 que el cierre impuesto por el pa\u00eds trasandino afecta tambi\u00e9n la comercializaci\u00f3n de material gen\u00e9tico<\/strong>, que era otra fuente de ingresos para la regi\u00f3n. Para las provincias ubicadas m\u00e1s al sur, la medida afecta la producci\u00f3n de&nbsp;<strong>carne ovina, que se enviaba a Chile a raz\u00f3n de 40 toneladas anuales<\/strong>.<\/p>\n\n\n\n<p>Bassi dijo que\u00a0<strong>a pesar de lo que sostiene el Senasa sobre \u201cla ausencia de circulaci\u00f3n del virus de aftosa\u201d al norte de la barrera, \u201cel riesgo cero de contagio no existe\u201d<\/strong>. Se\u00f1al\u00f3 que con las autoridades nacionales mantienen el di\u00e1logo sobre el tema, pero \u201cno hay vuelta atr\u00e1s\u201d.<\/p>\n\n\n\n<p>Entendi\u00f3 que el\u00a0<strong>mensaje impuesto desde Chile<\/strong>\u00a0implica una cr\u00edtica a la gesti\u00f3n sanitaria en la Argentina. \u201c<strong>Ellos hacen las cosas en forma seria y nos lo hacen saber\u201d<\/strong>, opin\u00f3 Bassi.<\/p>\n\n\n\n<p><strong>Fuente: www.rionegro.com.ar<\/strong><\/p>\n","protected":false},"excerpt":{"rendered":"<p>El\u00a0subsecretario de Ganader\u00eda de R\u00edo Negro, Tabar\u00e9 Bassi,\u00a0dijo que la decisi\u00f3n del gobierno chileno de suspender las importaciones de carne de origen argentino\u00a0por la reciente\u00a0flexibilizaci\u00f3n de la barrera antiaftosa\u00a0que funcion\u00f3 durante m\u00e1s de 20 a\u00f1os en el rio Colorado significa\u00a0\u201cun retroceso para la Patagonia y para todo el pa\u00eds\u201d. La medida del pa\u00eds vecino fue [&hellip;]<\/p>\n","protected":false},"author":5,"featured_media":7354,"comment_status":"open","ping_status":"open","sticky":false,"template":"","format":"standard","meta":[],"categories":[13],"tags":[],"_links":{"self":[{"href":"https:\/\/politicapatagonica.com\/index.php\/wp-json\/wp\/v2\/posts\/7353"}],"collection":[{"href":"https:\/\/politicapatagonica.com\/index.php\/wp-json\/wp\/v2\/posts"}],"about":[{"href":"https:\/\/politicapatagonica.com\/index.php\/wp-json\/wp\/v2\/types\/post"}],"author":[{"embeddable":true,"href":"https:\/\/politicapatagonica.com\/index.php\/wp-json\/wp\/v2\/users\/5"}],"replies":[{"embeddable":true,"href":"https:\/\/politicapatagonica.com\/index.php\/wp-json\/wp\/v2\/comments?post=7353"}],"version-history":[{"count":1,"href":"https:\/\/politicapatagonica.com\/index.php\/wp-json\/wp\/v2\/posts\/7353\/revisions"}],"predecessor-version":[{"id":7355,"href":"https:\/\/politicapatagonica.com\/index.php\/wp-json\/wp\/v2\/posts\/7353\/revisions\/7355"}],"wp:featuredmedia":[{"embeddable":true,"href":"https:\/\/politicapatagonica.com\/index.php\/wp-json\/wp\/v2\/media\/7354"}],"wp:attachment":[{"href":"https:\/\/politicapatagonica.com\/index.php\/wp-json\/wp\/v2\/media?parent=7353"}],"wp:term":[{"taxonomy":"category","embeddable":true,"href":"https:\/\/politicapatagonica.com\/index.php\/wp-json\/wp\/v2\/categories?post=7353"},{"taxonomy":"post_tag","embeddable":true,"href":"https:\/\/politicapatagonica.com\/index.php\/wp-json\/wp\/v2\/tags?post=7353"}],"curies":[{"name":"wp","href":"https:\/\/api.w.org\/{rel}","templated":true}]}}