{"id":7347,"date":"2025-08-05T21:08:32","date_gmt":"2025-08-05T21:08:32","guid":{"rendered":"https:\/\/politicapatagonica.com\/?p=7347"},"modified":"2025-08-05T21:08:33","modified_gmt":"2025-08-05T21:08:33","slug":"luque-ahora-la-competencia-es-contra-las-politicas-del-gobierno-nacional","status":"publish","type":"post","link":"https:\/\/politicapatagonica.com\/index.php\/2025\/08\/05\/luque-ahora-la-competencia-es-contra-las-politicas-del-gobierno-nacional\/","title":{"rendered":"Luque: &#8220;Ahora la competencia es contra las pol\u00edticas del Gobierno nacional&#8221;"},"content":{"rendered":"\n<p><strong>Para Luque, el resultado de las internas redefine al contrincante de cara a octubre. Con su victoria, dijo, &#8220;cambia el mapa pol\u00edtico. Va a confluir el peronismo de cara al 26 de octubre, y mucho m\u00e1s aparte del peronismo. Nosotros somos una alianza de seis partidos pol\u00edticos, pero tambi\u00e9n hay muchos sectores del radicalismo que me han expresado su acompa\u00f1amiento&#8221;, asegur\u00f3.<\/strong><\/p>\n\n\n\n<p><br>Ahora competimos fuertemente contra las pol\u00edticas nacionales, porque lo que estamos poniendo en discusi\u00f3n son bancas en el Congreso de la Naci\u00f3n, para ponerle freno a tanta crueldad, a tanta insensibilidad por parte del Presidente de la Naci\u00f3n, se\u00f1al\u00f3. El exintendente de Comodoro expres\u00f3 que &#8220;Dante hizo muy buena elecci\u00f3n, pero al final ganamos todos. Es alguien que tambi\u00e9n tiene mucho por delante para darle al peronismo&#8221;.<\/p>\n\n\n\n<p><br>Asimismo,<strong> valor\u00f3 el desempe\u00f1o territorial de su espacio, reconociendo tanto los avances de su sector como las victorias obtenidas por Bowen en distintas localidades.<\/strong> <strong>Nos toc\u00f3 ganar en 20 ciudades, a ellos tambi\u00e9n en 13.<\/strong> Ganaron en muchos municipios importantes, nosotros en otros. Fue un lindo ejercicio, un aprendizaje tambi\u00e9n para todos, y para m\u00ed particularmente, que nunca hab\u00eda disfrutado una cerrada de esta naturaleza.<\/p>\n\n\n\n<p><br>En particular, resalt\u00f3 el resultado en Trelew: Estoy muy agradecido de Trelew, del trabajo con mi compa\u00f1era de f\u00f3rmula Lorena Elisaincin, con Emanuel Coli\u00f1ir, con Alejandra Duhalde, con todo el Consejo de Localidad y mucha militancia.<strong> Fue clave para ganar la elecci\u00f3n, al igual que Rawson y Playa Uni\u00f3n. En Madryn sab\u00edamos que iba a ser complicado, pero en Comodoro hicimos una elecci\u00f3n muy grande.<\/strong><\/p>\n\n\n\n<p><strong>DISCULPAS A ITURRIOZ<\/strong><\/p>\n\n\n\n<p><br><strong>El dirigente justicialista tambi\u00e9n hizo una autocr\u00edtica por sus declaraciones del domingo, cuando acus\u00f3 al ministro de Seguridad provincial, H\u00e9ctor Iturrioz, de presuntamente haber robado una urna en la localidad de Corcovado.<\/strong><\/p>\n\n\n\n<p><br>&#8220;Quiero pedirle disculpas p\u00fablicas por esa afirmaci\u00f3n que me parece que fue incorrecta de parte m\u00eda. As\u00ed como p\u00fablicamente plante\u00e9 una situaci\u00f3n, por lo que me estaban informando, <strong>me parece que tambi\u00e9n es correcto cuando uno se puede equivocar decir \u2018me equivoqu\u00e9\u2019 y pedir las disculpas del caso&#8221;.<\/strong><\/p>\n\n\n\n<p><strong>Fuente: www.elchubut.com.ar<\/strong><\/p>\n","protected":false},"excerpt":{"rendered":"<p>Para Luque, el resultado de las internas redefine al contrincante de cara a octubre. Con su victoria, dijo, &#8220;cambia el mapa pol\u00edtico. Va a confluir el peronismo de cara al 26 de octubre, y mucho m\u00e1s aparte del peronismo. Nosotros somos una alianza de seis partidos pol\u00edticos, pero tambi\u00e9n hay muchos sectores del radicalismo que [&hellip;]<\/p>\n","protected":false},"author":5,"featured_media":7348,"comment_status":"open","ping_status":"open","sticky":false,"template":"","format":"standard","meta":[],"categories":[14],"tags":[],"_links":{"self":[{"href":"https:\/\/politicapatagonica.com\/index.php\/wp-json\/wp\/v2\/posts\/7347"}],"collection":[{"href":"https:\/\/politicapatagonica.com\/index.php\/wp-json\/wp\/v2\/posts"}],"about":[{"href":"https:\/\/politicapatagonica.com\/index.php\/wp-json\/wp\/v2\/types\/post"}],"author":[{"embeddable":true,"href":"https:\/\/politicapatagonica.com\/index.php\/wp-json\/wp\/v2\/users\/5"}],"replies":[{"embeddable":true,"href":"https:\/\/politicapatagonica.com\/index.php\/wp-json\/wp\/v2\/comments?post=7347"}],"version-history":[{"count":1,"href":"https:\/\/politicapatagonica.com\/index.php\/wp-json\/wp\/v2\/posts\/7347\/revisions"}],"predecessor-version":[{"id":7349,"href":"https:\/\/politicapatagonica.com\/index.php\/wp-json\/wp\/v2\/posts\/7347\/revisions\/7349"}],"wp:featuredmedia":[{"embeddable":true,"href":"https:\/\/politicapatagonica.com\/index.php\/wp-json\/wp\/v2\/media\/7348"}],"wp:attachment":[{"href":"https:\/\/politicapatagonica.com\/index.php\/wp-json\/wp\/v2\/media?parent=7347"}],"wp:term":[{"taxonomy":"category","embeddable":true,"href":"https:\/\/politicapatagonica.com\/index.php\/wp-json\/wp\/v2\/categories?post=7347"},{"taxonomy":"post_tag","embeddable":true,"href":"https:\/\/politicapatagonica.com\/index.php\/wp-json\/wp\/v2\/tags?post=7347"}],"curies":[{"name":"wp","href":"https:\/\/api.w.org\/{rel}","templated":true}]}}