{"id":7344,"date":"2025-08-05T20:57:29","date_gmt":"2025-08-05T20:57:29","guid":{"rendered":"https:\/\/politicapatagonica.com\/?p=7344"},"modified":"2025-08-05T20:57:29","modified_gmt":"2025-08-05T20:57:29","slug":"claudio-vidal-se-refirio-a-la-ampliacion-de-la-red-de-gas-de-rio-gallegos-dijo-que-beneficiara-a-mas-800-lotes","status":"publish","type":"post","link":"https:\/\/politicapatagonica.com\/index.php\/2025\/08\/05\/claudio-vidal-se-refirio-a-la-ampliacion-de-la-red-de-gas-de-rio-gallegos-dijo-que-beneficiara-a-mas-800-lotes\/","title":{"rendered":"Claudio Vidal se refiri\u00f3 a la ampliaci\u00f3n de la red de gas de R\u00edo Gallegos: dijo que beneficiar\u00e1 a m\u00e1s 800 lotes"},"content":{"rendered":"\n<p><strong>El gobernador Claudio Vidal dijo que con una inversi\u00f3n de 1400 millones de pesos se ampliar\u00e1 la red de gas en R\u00edo Gallegos, &#8220;beneficiando a m\u00e1s de 800 lotes&#8221;.<\/strong><\/p>\n\n\n\n<p>&#8220;Seguimos concretando los anuncios del 1\u00b0 de Mayo. <strong>Trabajamos junto a Distrigas S.A. en la licitaci\u00f3n para ejecutar el refuerzo del barrio 22 de Septiembre, que beneficiar\u00e1 a 800 familias y demandar\u00e1 una inversi\u00f3n de 407 millones de pesos&#8221;, <\/strong>comunic\u00f3 en sus redes.\u00a0<\/p>\n\n\n\n<p>&#8220;Adem\u00e1s, el equipo de<strong> Distrigas, con nuestro acompa\u00f1amiento, llevar\u00e1 adelante la instalaci\u00f3n de las redes de gas en el barrio 22 de Abril, con una inversi\u00f3n adicional de 1.070 millones de pesos.<\/strong> En conjunto, se destinar\u00e1n cerca de 1.400 millones de pesos para beneficiar directamente a esas 800 familias&#8221;, sigui\u00f3.\u00a0<\/p>\n\n\n\n<p>Finalmente, cont\u00f3 que &#8220;est\u00e1 pr\u00f3xima a comenzar la obra de refuerzo en el<strong> barrio Virgen del Valle,<\/strong> y avanzan los procesos de licitaci\u00f3n para nuevas intervenciones en Chimen Aike y en el barrio Bicentenario IV&#8221;.\u00a0<\/p>\n\n\n\n<p>&#8220;Estas obras incluyen el cruce de ruta hacia barrios nuevos y la instalaci\u00f3n de ca\u00f1er\u00edas de mayor di\u00e1metro (180 y 250 mm), necesarias para garantizar el abastecimiento y proyectar una red m\u00e1s robusta&#8221;, cerr\u00f3.\u00a0<\/p>\n\n\n\n<p><strong>Fuente: www.eldiarionuevodia.com.ar<\/strong><\/p>\n","protected":false},"excerpt":{"rendered":"<p>El gobernador Claudio Vidal dijo que con una inversi\u00f3n de 1400 millones de pesos se ampliar\u00e1 la red de gas en R\u00edo Gallegos, &#8220;beneficiando a m\u00e1s de 800 lotes&#8221;. &#8220;Seguimos concretando los anuncios del 1\u00b0 de Mayo. Trabajamos junto a Distrigas S.A. en la licitaci\u00f3n para ejecutar el refuerzo del barrio 22 de Septiembre, que [&hellip;]<\/p>\n","protected":false},"author":5,"featured_media":7345,"comment_status":"open","ping_status":"open","sticky":false,"template":"","format":"standard","meta":[],"categories":[8],"tags":[],"_links":{"self":[{"href":"https:\/\/politicapatagonica.com\/index.php\/wp-json\/wp\/v2\/posts\/7344"}],"collection":[{"href":"https:\/\/politicapatagonica.com\/index.php\/wp-json\/wp\/v2\/posts"}],"about":[{"href":"https:\/\/politicapatagonica.com\/index.php\/wp-json\/wp\/v2\/types\/post"}],"author":[{"embeddable":true,"href":"https:\/\/politicapatagonica.com\/index.php\/wp-json\/wp\/v2\/users\/5"}],"replies":[{"embeddable":true,"href":"https:\/\/politicapatagonica.com\/index.php\/wp-json\/wp\/v2\/comments?post=7344"}],"version-history":[{"count":1,"href":"https:\/\/politicapatagonica.com\/index.php\/wp-json\/wp\/v2\/posts\/7344\/revisions"}],"predecessor-version":[{"id":7346,"href":"https:\/\/politicapatagonica.com\/index.php\/wp-json\/wp\/v2\/posts\/7344\/revisions\/7346"}],"wp:featuredmedia":[{"embeddable":true,"href":"https:\/\/politicapatagonica.com\/index.php\/wp-json\/wp\/v2\/media\/7345"}],"wp:attachment":[{"href":"https:\/\/politicapatagonica.com\/index.php\/wp-json\/wp\/v2\/media?parent=7344"}],"wp:term":[{"taxonomy":"category","embeddable":true,"href":"https:\/\/politicapatagonica.com\/index.php\/wp-json\/wp\/v2\/categories?post=7344"},{"taxonomy":"post_tag","embeddable":true,"href":"https:\/\/politicapatagonica.com\/index.php\/wp-json\/wp\/v2\/tags?post=7344"}],"curies":[{"name":"wp","href":"https:\/\/api.w.org\/{rel}","templated":true}]}}