{"id":7341,"date":"2025-08-04T23:15:58","date_gmt":"2025-08-04T23:15:58","guid":{"rendered":"https:\/\/politicapatagonica.com\/?p=7341"},"modified":"2025-08-04T23:16:00","modified_gmt":"2025-08-04T23:16:00","slug":"el-gobierno-pampeano-cuestiono-los-vetos-de-milei-improvisacion-y-falta-de-respeto","status":"publish","type":"post","link":"https:\/\/politicapatagonica.com\/index.php\/2025\/08\/04\/el-gobierno-pampeano-cuestiono-los-vetos-de-milei-improvisacion-y-falta-de-respeto\/","title":{"rendered":"El Gobierno pampeano cuestion\u00f3 los vetos de Milei: &#8220;improvisaci\u00f3n y falta de respeto&#8221;"},"content":{"rendered":"\n<p>&#8220;Las personas con discapacidad, los jubilados y los trabajadores que est\u00e1n por jubilarse son una parte importante de nuestra sociedad. <strong>Gran parte de ellos viven distintas situaciones de vulnerabilidad y no pueden ser puestos en la l\u00ednea de sacrificio de un plan econ\u00f3mico que no funciona&#8221;, dijo el ministro de Desarrollo Social y DDHH,\u00a0Diego \u00c1lvarez.<\/strong><\/p>\n\n\n\n<p>El funcionario a\u00f1adi\u00f3 que <strong>&#8220;desde el Gobierno provincial atendemos todos los d\u00edas la demanda de pampeanas y pampeanos que sufren los coletazos de las pol\u00edticas de una gesti\u00f3n nacional<\/strong> que ha decidido, desde el primer d\u00eda, que los costos de los ajustes los paguen los sectores m\u00e1s d\u00e9biles&#8221;.<\/p>\n\n\n\n<p>&#8220;<strong>El gobernador Sergio Ziliotto<\/strong> fue claro al decidir que se va a acompa\u00f1ar en las pol\u00edticas sociales de su gesti\u00f3n a los sectores vulnerables.\u00a0<strong>En La Pampa se sabe que la \u00fanica salida de las crisis es con todos adentro<\/strong>&#8220;, insisti\u00f3 \u00c1lvarez.<\/p>\n\n\n\n<p>En este sentido agreg\u00f3 que &#8220;frente a un Estado nacional desalmado, en nuestra Provincia podemos sentir el orgullo de decir que ninguna persona mayor est\u00e1 excluida de las pol\u00edticas sociales que llevamos adelante. Ac\u00e1 se la integra, se las respeta, se las escucha. Nunca se las reprime&#8221;.<\/p>\n\n\n\n<p>&#8220;Lo mismo para las personas con discapacidad. <strong>En La Pampa no son un problema para el Estado, son pampeanas y pampeanos a los que se respeta y se los contiene mediante el trabajo interministerial del gobierno provincial&#8221;,<\/strong> agreg\u00f3.<\/p>\n\n\n\n<p>&#8220;No podemos pasar por alto que el Gobierno provincial afronta este acompa\u00f1amiento, a pesar de la deuda multimillonaria que tiene la gesti\u00f3n Milei con La Pampa y los pampeanos.<strong>&nbsp;Ante el abandono, ac\u00e1 nos hicimos cargo.&nbsp;<\/strong>Las personas mayores y las personas con discapacidad lo saben&#8221;, concluy\u00f3.<\/p>\n\n\n\n<p>\u00c1lvarez insisti\u00f3, a modo de ejemplo, con los cuestionamientos a la modalidad de auditor\u00eda que lleva adelante Naci\u00f3n con las personas jubiladas o pensionadas por incapacidad laboral. &#8220;Gastaron varios millones de pesos en enviar cartas de notificaci\u00f3n a domicilios donde algunos destinatarios no viv\u00edan desde hace m\u00e1s de 25 a\u00f1os. En algunos casos los hicieron ir y no fueron atendidos.&nbsp;<strong>Todo en un marco de improvisaci\u00f3n y falta de respeto hacia personas que no eligieron padecer situaciones de vulnerabilidad<\/strong>&#8220;, cuestion\u00f3.<\/p>\n\n\n\n<p>Frente a estas situaciones destac\u00f3 el rol del trabajo interministerial y con los municipios. <strong>&#8220;Los ministerios de Salud y de Desarrollo Social, junto a los municipios, instrumentaron estrategias conjuntas para que las personas que deb\u00edan ser auditadas pudieran llegar a los lugares designados. Esa es la forma contener y acompa\u00f1ar&#8221;, remarc\u00f3.<\/strong><\/p>\n\n\n\n<p>Adem\u00e1s, resalt\u00f3 el trabajo de los legisladores pampeanos &#8220;que aprobaron estas leyes que reconocen derechos y otorgan mejoras a estos sectores, que una vez m\u00e1s, el gobierno nacional cercena&#8221;.<\/p>\n\n\n\n<p><strong>Finalmente, le pidi\u00f3 a los legisladores del PRO, Mart\u00edn Ardohain y Mart\u00edn Maquieyra, que rechacen el veto.<\/strong>\u00a0&#8220;Siempre han acompa\u00f1ado sistem\u00e1ticamente las pol\u00edticas del Gobierno nacional.<strong> Hoy es tiempo de dejar de pensar en cuestiones personales y de mezquindades, para que de una vez por todas prime el inter\u00e9s colectivo, que es el bienestar de los pampeanos y pampeanas y se sumen al rechazo del veto&#8221;, reclam\u00f3.<\/strong><\/p>\n\n\n\n<p><strong>Fuente: www.eldiariodelapampa.com.ar<\/strong><\/p>\n","protected":false},"excerpt":{"rendered":"<p>&#8220;Las personas con discapacidad, los jubilados y los trabajadores que est\u00e1n por jubilarse son una parte importante de nuestra sociedad. Gran parte de ellos viven distintas situaciones de vulnerabilidad y no pueden ser puestos en la l\u00ednea de sacrificio de un plan econ\u00f3mico que no funciona&#8221;, dijo el ministro de Desarrollo Social y DDHH,\u00a0Diego \u00c1lvarez. [&hellip;]<\/p>\n","protected":false},"author":5,"featured_media":7342,"comment_status":"open","ping_status":"open","sticky":false,"template":"","format":"standard","meta":[],"categories":[10],"tags":[],"_links":{"self":[{"href":"https:\/\/politicapatagonica.com\/index.php\/wp-json\/wp\/v2\/posts\/7341"}],"collection":[{"href":"https:\/\/politicapatagonica.com\/index.php\/wp-json\/wp\/v2\/posts"}],"about":[{"href":"https:\/\/politicapatagonica.com\/index.php\/wp-json\/wp\/v2\/types\/post"}],"author":[{"embeddable":true,"href":"https:\/\/politicapatagonica.com\/index.php\/wp-json\/wp\/v2\/users\/5"}],"replies":[{"embeddable":true,"href":"https:\/\/politicapatagonica.com\/index.php\/wp-json\/wp\/v2\/comments?post=7341"}],"version-history":[{"count":1,"href":"https:\/\/politicapatagonica.com\/index.php\/wp-json\/wp\/v2\/posts\/7341\/revisions"}],"predecessor-version":[{"id":7343,"href":"https:\/\/politicapatagonica.com\/index.php\/wp-json\/wp\/v2\/posts\/7341\/revisions\/7343"}],"wp:featuredmedia":[{"embeddable":true,"href":"https:\/\/politicapatagonica.com\/index.php\/wp-json\/wp\/v2\/media\/7342"}],"wp:attachment":[{"href":"https:\/\/politicapatagonica.com\/index.php\/wp-json\/wp\/v2\/media?parent=7341"}],"wp:term":[{"taxonomy":"category","embeddable":true,"href":"https:\/\/politicapatagonica.com\/index.php\/wp-json\/wp\/v2\/categories?post=7341"},{"taxonomy":"post_tag","embeddable":true,"href":"https:\/\/politicapatagonica.com\/index.php\/wp-json\/wp\/v2\/tags?post=7341"}],"curies":[{"name":"wp","href":"https:\/\/api.w.org\/{rel}","templated":true}]}}