{"id":7338,"date":"2025-08-04T20:22:48","date_gmt":"2025-08-04T20:22:48","guid":{"rendered":"https:\/\/politicapatagonica.com\/?p=7338"},"modified":"2025-08-04T20:22:49","modified_gmt":"2025-08-04T20:22:49","slug":"neuquen-con-mas-policias-en-las-calles-cuantos-se-sumaron-este-ano","status":"publish","type":"post","link":"https:\/\/politicapatagonica.com\/index.php\/2025\/08\/04\/neuquen-con-mas-policias-en-las-calles-cuantos-se-sumaron-este-ano\/","title":{"rendered":"Neuqu\u00e9n, con m\u00e1s polic\u00edas en las calles: \u00bfCu\u00e1ntos se sumaron este a\u00f1o?"},"content":{"rendered":"\n<p>Con el objetivo de reforzar la seguridad, la Provincia de Neuqu\u00e9n<strong>\u00a0duplic\u00f3 este a\u00f1o la media hist\u00f3rica de ingresos en la<\/strong>\u00a0<strong>Polic\u00eda.<\/strong>\u00a0As\u00ed, en apenas un a\u00f1o<strong>\u00a0ya se sumaron casi mil nuevos agentes a la fuerza,<\/strong>\u00a0y su ingreso fue acompa\u00f1ado tambi\u00e9n de aportes para la compra de indumentaria, equipamientos y patrulleros.<\/p>\n\n\n\n<p><strong>La\u00a0Provincia del Neuqu\u00e9n\u00a0incorpor\u00f3 930 nuevos efectivos policiales en el primer a\u00f1o de gesti\u00f3n, cifra que duplica el promedio hist\u00f3rico de ingresos a la fuerza.<\/strong> &#8220;Este incremento forma parte de una estrategia integral para reforzar la prevenci\u00f3n, ampliar la presencia territorial y mejorar las condiciones laborales de quienes trabajan por la seguridad de los neuquinos&#8221;, informaron desde el Estado.<\/p>\n\n\n\n<p>Seg\u00fan las cifras oficiales, en diciembre de 2024 se sumaron 530 agentes en una primera etapa, otros 387 en la segunda, y en agosto se incorporar\u00e1n 251 m\u00e1s: 176 ser\u00e1n destinados a la Polic\u00eda y 75 al Servicio Penitenciario. Estos \u00faltimos completar\u00e1n el plantel necesario para el funcionamiento del nuevo pabell\u00f3n de m\u00e1xima seguridad de la Unidad de Detenci\u00f3n N\u00ba 11, cuya obra ya alcanza el 80% de avance.<\/p>\n\n\n\n<p><strong>\u201cEstamos cumpliendo lo que prometimos desde el primer d\u00eda fortalecer la seguridad, cuidar a quienes nos cuidan y garantizar m\u00e1s presencia en todo el territorio\u201d,<\/strong> asegur\u00f3 el ministro de Seguridad, Mat\u00edas Nicolini.<strong>\u00a0\u201cVinimos a transformar la realidad, no a administrar lo que ya exist\u00eda<\/strong>. Nuestro compromiso es cambiar lo que no funciona y saldar las deudas hist\u00f3ricas con la sociedad\u201d, sostuvo.<\/p>\n\n\n\n<p>Nicolini destac\u00f3 que todos los nuevos agentes recibieron campera, chaleco antibalas y equipamiento completo, y record\u00f3 que por primera vez se otorg\u00f3 un fondo para que el personal pudiera adquirir su indumentaria, modalidad que se repetir\u00e1 en septiembre.<strong> En materia de equipamiento, se invirtieron m\u00e1s de 17.000 millones de pesos en ropa y elementos de seguridad.<\/strong> Tambi\u00e9n se entregaron 240 nuevos veh\u00edculos, entre ellos 71 camionetas, 82 patrulleros y 87 motos, de los cuales el 70% fue destinado a patrullaje preventivo en toda la provincia.<\/p>\n\n\n\n<h2>Equipos y tecnolog\u00eda para la Polic\u00eda<\/h2>\n\n\n\n<p>\u201cEstamos brindando las herramientas necesarias para que la\u00a0Polic\u00eda\u00a0trabaje como corresponde\u201d, agreg\u00f3 el ministro.<strong> \u201cIncorporamos m\u00e1s de tres mil c\u00e1maras de videoseguridad y avanzamos para que m\u00e1s del 50% del personal trabaje con r\u00e9gimen 12&#215;36. Al inicio de la gesti\u00f3n solo lo hac\u00eda el 10%; hoy ya supera el 30%\u201d.<\/strong><\/p>\n\n\n\n<p>La gesti\u00f3n impulsa m\u00e1s de 60 obras para fortalecer la infraestructura en seguridad, distribuidas en todo el territorio provincial. Entre ellas, se destaca la Comisar\u00eda 52 de Centenario, ubicada en el barrio Sarmiento, que ya presenta un avance superior al 74% y contar\u00e1 con una oficina especializada en atenci\u00f3n a v\u00edctimas de violencia de g\u00e9nero e intrafamiliar. En la ciudad de Neuqu\u00e9n, comenz\u00f3 la construcci\u00f3n de la nueva sede de la Comisar\u00eda Cuarta en el barrio Alta Barda. El edificio tendr\u00e1 una superficie cubierta de 1.005 metros cuadrados, con sectores diferenciados para recepci\u00f3n, jefatura, m\u00f3viles, detenci\u00f3n, archivo y atenci\u00f3n de casos de violencia. El proyecto tambi\u00e9n contempla espacios verdes y accesos segregados, con una inversi\u00f3n cercana a los 2.400 millones de pesos.<\/p>\n\n\n\n<p>Tambi\u00e9n se proyectan nuevas comisar\u00edas para Villa La Angostura, Mariano Moreno, la zona oeste de Plottier, el barrio Melipal y el Parque Industrial de la ciudad de Neuqu\u00e9n. Se suman las plantas verificadoras de veh\u00edculos en Chos Malal y Centenario, y nuevos destacamentos policiales en distintas localidades. Estas obras representan una recomposici\u00f3n hist\u00f3rica en materia de infraestructura para la seguridad p\u00fablica.<\/p>\n\n\n\n<p><strong>Los nuevos efectivos policiales y penitenciarios realizaron una formaci\u00f3n intensiva, presencial y con r\u00e9gimen de internado. Provienen de diversas localidades de Neuqu\u00e9n y tambi\u00e9n de provincias como R\u00edo Negro, Salta, Tucum\u00e1n, Buenos Aires y Chaco. El capital humano recientemente incorporado est\u00e1 conformado por un 40% de personal femenino y un 60% masculino, lo que refleja un avance en la inclusi\u00f3n de mujeres en las fuerzas de seguridad y el sistema penitenciario. Tanto polic\u00edas como penitenciarios continuar\u00e1n ahora su proceso de formaci\u00f3n con tutor\u00edas pr\u00e1cticas en las unidades correspondientes, bajo la supervisi\u00f3n de oficiales jefes.<\/strong><\/p>\n\n\n\n<p>En el eje de prevenci\u00f3n y vigilancia, la provincia pas\u00f3 de tener 622 c\u00e1maras \u2014muchas de ellas fuera de servicio\u2014 al inicio de la gesti\u00f3n, a contar hoy con 1.962 c\u00e1maras activas, monitoreadas de forma continua desde centros tecnol\u00f3gicos. La meta es alcanzar las 3.312 al finalizar el a\u00f1o, y llegar a 4.200 c\u00e1maras para diciembre de 2027. Esta inversi\u00f3n supera los 3.770 millones de pesos e incluye la apertura de nuevos centros de monitoreo en Plottier, Senillosa, Vista Alegre y la ampliaci\u00f3n del centro de la ciudad de Neuqu\u00e9n.<\/p>\n\n\n\n<p><strong>La pol\u00edtica de seguridad tambi\u00e9n incluye un fuerte componente comunitario. A trav\u00e9s del programa PRE.VI.D.A., se capacitaron m\u00e1s de 40.000 personas en escuelas, organizaciones sociales y espacios barriales, promoviendo v\u00ednculos de confianza y herramientas para la prevenci\u00f3n.<\/strong><\/p>\n\n\n\n<p>En un contexto desafiante,<strong> la provincia del Neuqu\u00e9n contin\u00faa invirtiendo en seguridad p\u00fablica con decisi\u00f3n, profesionalismo y una mirada integral que articula prevenci\u00f3n, equipamiento, obras, formaci\u00f3n y acompa\u00f1amiento social.<\/strong><\/p>\n\n\n\n<p><strong>Fuente: www.lmneuquen.com<\/strong><\/p>\n","protected":false},"excerpt":{"rendered":"<p>Con el objetivo de reforzar la seguridad, la Provincia de Neuqu\u00e9n\u00a0duplic\u00f3 este a\u00f1o la media hist\u00f3rica de ingresos en la\u00a0Polic\u00eda.\u00a0As\u00ed, en apenas un a\u00f1o\u00a0ya se sumaron casi mil nuevos agentes a la fuerza,\u00a0y su ingreso fue acompa\u00f1ado tambi\u00e9n de aportes para la compra de indumentaria, equipamientos y patrulleros. La\u00a0Provincia del Neuqu\u00e9n\u00a0incorpor\u00f3 930 nuevos efectivos policiales [&hellip;]<\/p>\n","protected":false},"author":5,"featured_media":7339,"comment_status":"open","ping_status":"open","sticky":false,"template":"","format":"standard","meta":[],"categories":[9],"tags":[],"_links":{"self":[{"href":"https:\/\/politicapatagonica.com\/index.php\/wp-json\/wp\/v2\/posts\/7338"}],"collection":[{"href":"https:\/\/politicapatagonica.com\/index.php\/wp-json\/wp\/v2\/posts"}],"about":[{"href":"https:\/\/politicapatagonica.com\/index.php\/wp-json\/wp\/v2\/types\/post"}],"author":[{"embeddable":true,"href":"https:\/\/politicapatagonica.com\/index.php\/wp-json\/wp\/v2\/users\/5"}],"replies":[{"embeddable":true,"href":"https:\/\/politicapatagonica.com\/index.php\/wp-json\/wp\/v2\/comments?post=7338"}],"version-history":[{"count":1,"href":"https:\/\/politicapatagonica.com\/index.php\/wp-json\/wp\/v2\/posts\/7338\/revisions"}],"predecessor-version":[{"id":7340,"href":"https:\/\/politicapatagonica.com\/index.php\/wp-json\/wp\/v2\/posts\/7338\/revisions\/7340"}],"wp:featuredmedia":[{"embeddable":true,"href":"https:\/\/politicapatagonica.com\/index.php\/wp-json\/wp\/v2\/media\/7339"}],"wp:attachment":[{"href":"https:\/\/politicapatagonica.com\/index.php\/wp-json\/wp\/v2\/media?parent=7338"}],"wp:term":[{"taxonomy":"category","embeddable":true,"href":"https:\/\/politicapatagonica.com\/index.php\/wp-json\/wp\/v2\/categories?post=7338"},{"taxonomy":"post_tag","embeddable":true,"href":"https:\/\/politicapatagonica.com\/index.php\/wp-json\/wp\/v2\/tags?post=7338"}],"curies":[{"name":"wp","href":"https:\/\/api.w.org\/{rel}","templated":true}]}}