{"id":7306,"date":"2025-07-23T20:48:09","date_gmt":"2025-07-23T20:48:09","guid":{"rendered":"https:\/\/politicapatagonica.com\/?p=7306"},"modified":"2025-07-25T14:35:53","modified_gmt":"2025-07-25T14:35:53","slug":"claudio-vidal-superviso-la-construccion-de-la-primera-planta-de-alimento-balanceado-para-santa-cruz","status":"publish","type":"post","link":"https:\/\/politicapatagonica.com\/index.php\/2025\/07\/23\/claudio-vidal-superviso-la-construccion-de-la-primera-planta-de-alimento-balanceado-para-santa-cruz\/","title":{"rendered":"Claudio Vidal supervis\u00f3 la construcci\u00f3n de la primera planta de alimento balanceado para Santa Cruz"},"content":{"rendered":"\n<p>En una recorrida por la ciudad de&nbsp;<strong>Rafaela<\/strong>, provincia de<strong>&nbsp;Santa Fe,<\/strong>&nbsp;el gobernador de Santa Cruz,&nbsp;<strong>Claudio Vidal<\/strong>, supervis\u00f3 los avances en la construcci\u00f3n de la primera&nbsp;<strong>planta de alimento balanceado<\/strong>&nbsp;para la provincia, un proyecto que promete transformar el desarrollo productivo local. La iniciativa cuenta con el respaldo del sector p\u00fablico y privado y tiene como objetivo potenciar la ganader\u00eda, el trabajo rural y la autosuficiencia alimentaria en la regi\u00f3n.<\/p>\n\n\n\n<p>\u201cLlegamos a Santa Fe y en este lugar estamos visitando el proceso de construcci\u00f3n de la primer planta de alimento balanceado para la provincia de Santa Cruz. Este proyecto genera la posibilidad de volver a producir nuestras tierras, generar valor agregado y nuevos puestos de trabajo, apostando siempre a la producci\u00f3n. Santa Cruz puede y tiene con qu\u00e9\u201d, expres\u00f3 Vidal en un video difundido en las redes sociales oficiales.<\/p>\n\n\n\n<p>El mandatario provincial tambi\u00e9n comparti\u00f3 un mensaje en sus redes, donde reafirm\u00f3 su visi\u00f3n de desarrollo y reactivaci\u00f3n del campo santacruce\u00f1o:<\/p>\n\n\n\n<p>\u201cEs el momento de levantarnos con nuevas fuerzas, de volver a poner en marcha nuestras tierras y de confiar en el potencial que tenemos. Porque siempre hay una oportunidad para crecer, para ganar m\u00e1s y para alimentar con orgullo a nuestra comunidad y al pa\u00eds\u201d.<\/p>\n\n\n\n<p>Seg\u00fan Vidal, la nueva planta procesadora de alimento balanceado no solo permitir\u00e1 fortalecer la ganader\u00eda santacruce\u00f1a, sino tambi\u00e9n \u201csembrar pasturas y cosechar cosechas que nos ayuden a ser m\u00e1s autosuficientes y competitivos\u201d.<\/p>\n\n\n\n<p>El recorrido incluy\u00f3 a funcionarios y referentes del sector agropecuario, como&nbsp;<strong>Adri\u00e1n Su\u00e1rez<\/strong>, presidente del Consejo Agrario Provincial, quien destac\u00f3 la apuesta pol\u00edtica por la producci\u00f3n:&nbsp;\u201cEstamos recorriendo ac\u00e1 en Rafaela una f\u00e1brica de planta de alimento balanceado que el gobernador tom\u00f3 como una decisi\u00f3n fuerte pol\u00edtica de apuntar a la producci\u00f3n. Lo vamos a instalar en la entrada de R\u00edo Gallegos, en el predio del Consejo Agrario, a trav\u00e9s de la empresa Santa Cruz Puede\u201d.<\/p>\n\n\n\n<p>Su\u00e1rez tambi\u00e9n valor\u00f3 la visita t\u00e9cnica a la f\u00e1brica: \u201cUna cosa es que te cuenten, y otra cosa es ver la cantidad de producci\u00f3n y tecnolog\u00eda que hay en esta f\u00e1brica, como en todo este sector de Rafaela. As\u00ed que la verdad que muy contento y aprendiendo cosas fundamentalmente\u201d.<\/p>\n\n\n\n<p>Durante la jornada, el presidente de la Federaci\u00f3n de Instituciones Agropecuarias de Santa Cruz (FIAS), Enrique Jamieson, expres\u00f3 su entusiasmo y asegur\u00f3 estar \u201cimpresionado por la proyecci\u00f3n de futuro que tenemos para aplicar este tipo de tecnolog\u00eda al alcance del sector. La verdad, estoy muy contento\u201d.<\/p>\n\n\n\n<p>Por su parte, Gustavo Sivori, presidente de la empresa Santa Cruz Puede, celebr\u00f3 los avances concretos del proyecto: \u201cEs un paso hacia la planta propia, esto es muy importante. Se empez\u00f3 a hablar el a\u00f1o pasado y ya tenemos las primeras m\u00e1quinas armadas para llevarlas a Santa Cruz, as\u00ed que son las promesas que se cumplen, de a poco se va avanzando\u201d.<\/p>\n\n\n\n<p>Desde la empresa&nbsp;<strong>Berandebi<\/strong>, encargada de la construcci\u00f3n,&nbsp;<strong>Esteban Cuayno<\/strong>, del \u00e1rea comercial, detall\u00f3 que&nbsp;\u201cla planta tiene la producci\u00f3n de 2015 kilos por hora, alimento balanceado en polvo y alimento peletizado para fraccionar tanto en bolsas como en bolsones de raigr\u00e1s. Adem\u00e1s cuenta con silo de materia prima para dosificar a la planta los distintos ingredientes\u201d.<\/p>\n\n\n\n<p>Al finalizar la visita, los representantes de la empresa entregaron a Vidal una placa de reconocimiento por su compromiso con el desarrollo productivo.&nbsp;\u201cLa recorrida por nuestra planta hizo un reconocimiento al trabajo de la industria nacional y al compromiso compartido por el desarrollo productivo, la innovaci\u00f3n y la cooperaci\u00f3n entre el sector p\u00fablico y privado\u201d, dice el grabado.<\/p>\n\n\n\n<p>Con esta iniciativa, Santa Cruz se posiciona en el camino de una producci\u00f3n m\u00e1s aut\u00f3noma, innovadora y generadora de empleo, reafirmando el perfil productivo que la gesti\u00f3n actual busca consolidar.<\/p>\n\n\n\n<p><strong>Fuente: www.laopinionaustral.com.ar<\/strong><\/p>\n","protected":false},"excerpt":{"rendered":"<p>En una recorrida por la ciudad de&nbsp;Rafaela, provincia de&nbsp;Santa Fe,&nbsp;el gobernador de Santa Cruz,&nbsp;Claudio Vidal, supervis\u00f3 los avances en la construcci\u00f3n de la primera&nbsp;planta de alimento balanceado&nbsp;para la provincia, un proyecto que promete transformar el desarrollo productivo local. La iniciativa cuenta con el respaldo del sector p\u00fablico y privado y tiene como objetivo potenciar la [&hellip;]<\/p>\n","protected":false},"author":5,"featured_media":7307,"comment_status":"open","ping_status":"open","sticky":false,"template":"","format":"standard","meta":[],"categories":[8],"tags":[],"_links":{"self":[{"href":"https:\/\/politicapatagonica.com\/index.php\/wp-json\/wp\/v2\/posts\/7306"}],"collection":[{"href":"https:\/\/politicapatagonica.com\/index.php\/wp-json\/wp\/v2\/posts"}],"about":[{"href":"https:\/\/politicapatagonica.com\/index.php\/wp-json\/wp\/v2\/types\/post"}],"author":[{"embeddable":true,"href":"https:\/\/politicapatagonica.com\/index.php\/wp-json\/wp\/v2\/users\/5"}],"replies":[{"embeddable":true,"href":"https:\/\/politicapatagonica.com\/index.php\/wp-json\/wp\/v2\/comments?post=7306"}],"version-history":[{"count":2,"href":"https:\/\/politicapatagonica.com\/index.php\/wp-json\/wp\/v2\/posts\/7306\/revisions"}],"predecessor-version":[{"id":7314,"href":"https:\/\/politicapatagonica.com\/index.php\/wp-json\/wp\/v2\/posts\/7306\/revisions\/7314"}],"wp:featuredmedia":[{"embeddable":true,"href":"https:\/\/politicapatagonica.com\/index.php\/wp-json\/wp\/v2\/media\/7307"}],"wp:attachment":[{"href":"https:\/\/politicapatagonica.com\/index.php\/wp-json\/wp\/v2\/media?parent=7306"}],"wp:term":[{"taxonomy":"category","embeddable":true,"href":"https:\/\/politicapatagonica.com\/index.php\/wp-json\/wp\/v2\/categories?post=7306"},{"taxonomy":"post_tag","embeddable":true,"href":"https:\/\/politicapatagonica.com\/index.php\/wp-json\/wp\/v2\/tags?post=7306"}],"curies":[{"name":"wp","href":"https:\/\/api.w.org\/{rel}","templated":true}]}}