{"id":7295,"date":"2025-07-22T14:16:06","date_gmt":"2025-07-22T14:16:06","guid":{"rendered":"https:\/\/politicapatagonica.com\/?p=7295"},"modified":"2025-07-22T22:23:22","modified_gmt":"2025-07-22T22:23:22","slug":"entregaron-maquinaria-vial-nueva-para-mantener-las-rutas-provinciales-de-neuquen","status":"publish","type":"post","link":"https:\/\/politicapatagonica.com\/index.php\/2025\/07\/22\/entregaron-maquinaria-vial-nueva-para-mantener-las-rutas-provinciales-de-neuquen\/","title":{"rendered":"Entregaron maquinaria vial nueva para mantener las rutas provinciales de Neuqu\u00e9n"},"content":{"rendered":"\n<p>El gobierno de la provincia de Neuqu\u00e9n concret\u00f3 la compra de maquinaria vial nueva&nbsp;para mantener rutas y caminos en todo el territorio. La compra&nbsp;incluy\u00f3 una retroexcavadora, ocho motoniveladoras, cuatro cargadoras y una pala. Las nuevas maquinarias fueron entregadas a la direcci\u00f3n provincial de&nbsp;<strong>Vialidad,&nbsp;<\/strong>durante<strong>&nbsp;<\/strong>un acto que se realiz\u00f3 en la ciudad de Zapala.<\/p>\n\n\n\n<p>Durante la ceremonia, el gobernador, Rolando Figueroa &nbsp;se\u00f1al\u00f3 que el&nbsp;<strong>Vialidad&nbsp;<\/strong>provincial<strong>&nbsp;<\/strong>fue&nbsp; clave en el desarrollo de la provincia&nbsp;y reconoci\u00f3 el trabajo que lleva adelante el organismo.&nbsp;Las nuevas herramientas se utilizar\u00e1n para&nbsp;el mantenimiento de rutas y caminos en todo el territorio de Neuqu\u00e9n.&nbsp;El jefe del ejecutivo neuquino destac\u00f3 el trabajo que realizan los viales en cada rinc\u00f3n de la provincia.<\/p>\n\n\n\n<p>Figueroa record\u00f3 que los plazos de ejecuci\u00f3n de las&nbsp;rutas&nbsp;&nbsp;&#8220;fueron incluso m\u00e1s r\u00e1pidos que los de las empresas privadas, lo cual nos llena de orgullo\u201d. Para el mandatario,&nbsp;la obra p\u00fablica provincial fue esencial para el desarrollo de comunidades como Alumin\u00e9, Huinganco, Los Miches y Manzano Amargo&nbsp;y se pregunt\u00f3: &#8220;\u00bfQui\u00e9n har\u00eda las obras si no fuera la provincia y sus empresas p\u00fablicas?&#8221;. Tambi\u00e9n destac\u00f3 la respuesta del Estado ante emergencias clim\u00e1ticas y volvi\u00f3 a preguntarse: \u201c\u00bfQui\u00e9n rescata a la gente en medio de una nevada?, siempre es&nbsp;<strong>Vialidad&nbsp;<\/strong>con sus maquinarias?\u201d, respondi\u00f3.<\/p>\n\n\n\n<p>El mandatario provincial destac\u00f3&nbsp; el control y seguimiento que realizan los trabajadores viales&nbsp;y subray\u00f3 el v\u00ednculo hist\u00f3rico de muchas familias con el trabajo del&nbsp;organismo. &#8220;Es una parte central de la identidad provincial y forma parte de nuestra forma de vida&#8221;, dijo Figueroa.<\/p>\n\n\n\n<p>El mandatario neuquino expres\u00f3 que&nbsp;<strong>Vialidad&nbsp;<\/strong>fue parte clave en el desarrollo de la provincia y asegur\u00f3 que, si Neuqu\u00e9n va a pavimentar 600 kil\u00f3metros m\u00e1s, la mayor\u00eda en el interior profundo, &#8220;es gracias a los trabajadores viales\u201d.&nbsp;Las nuevas maquinarias formar\u00e1n parte de los Distritos de Conservaci\u00f3n, que est\u00e1n a cargo de las tareas rutinarias de mantenimiento de rutas y del Operativo Nieve y se sumar\u00e1n a la flota actual del organismo.<\/p>\n\n\n\n<p><strong>Fuente: www.minutoneuquen.com<\/strong><\/p>\n","protected":false},"excerpt":{"rendered":"<p>El gobierno de la provincia de Neuqu\u00e9n concret\u00f3 la compra de maquinaria vial nueva&nbsp;para mantener rutas y caminos en todo el territorio. La compra&nbsp;incluy\u00f3 una retroexcavadora, ocho motoniveladoras, cuatro cargadoras y una pala. Las nuevas maquinarias fueron entregadas a la direcci\u00f3n provincial de&nbsp;Vialidad,&nbsp;durante&nbsp;un acto que se realiz\u00f3 en la ciudad de Zapala. Durante la ceremonia, [&hellip;]<\/p>\n","protected":false},"author":5,"featured_media":7296,"comment_status":"open","ping_status":"open","sticky":false,"template":"","format":"standard","meta":[],"categories":[9],"tags":[],"_links":{"self":[{"href":"https:\/\/politicapatagonica.com\/index.php\/wp-json\/wp\/v2\/posts\/7295"}],"collection":[{"href":"https:\/\/politicapatagonica.com\/index.php\/wp-json\/wp\/v2\/posts"}],"about":[{"href":"https:\/\/politicapatagonica.com\/index.php\/wp-json\/wp\/v2\/types\/post"}],"author":[{"embeddable":true,"href":"https:\/\/politicapatagonica.com\/index.php\/wp-json\/wp\/v2\/users\/5"}],"replies":[{"embeddable":true,"href":"https:\/\/politicapatagonica.com\/index.php\/wp-json\/wp\/v2\/comments?post=7295"}],"version-history":[{"count":2,"href":"https:\/\/politicapatagonica.com\/index.php\/wp-json\/wp\/v2\/posts\/7295\/revisions"}],"predecessor-version":[{"id":7302,"href":"https:\/\/politicapatagonica.com\/index.php\/wp-json\/wp\/v2\/posts\/7295\/revisions\/7302"}],"wp:featuredmedia":[{"embeddable":true,"href":"https:\/\/politicapatagonica.com\/index.php\/wp-json\/wp\/v2\/media\/7296"}],"wp:attachment":[{"href":"https:\/\/politicapatagonica.com\/index.php\/wp-json\/wp\/v2\/media?parent=7295"}],"wp:term":[{"taxonomy":"category","embeddable":true,"href":"https:\/\/politicapatagonica.com\/index.php\/wp-json\/wp\/v2\/categories?post=7295"},{"taxonomy":"post_tag","embeddable":true,"href":"https:\/\/politicapatagonica.com\/index.php\/wp-json\/wp\/v2\/tags?post=7295"}],"curies":[{"name":"wp","href":"https:\/\/api.w.org\/{rel}","templated":true}]}}