{"id":7292,"date":"2025-07-21T22:22:46","date_gmt":"2025-07-21T22:22:46","guid":{"rendered":"https:\/\/politicapatagonica.com\/?p=7292"},"modified":"2025-07-22T22:20:32","modified_gmt":"2025-07-22T22:20:32","slug":"facundo-lopez-se-perfila-como-candidato-para-el-senado-por-juntos-somos-rio-negro","status":"publish","type":"post","link":"https:\/\/politicapatagonica.com\/index.php\/2025\/07\/21\/facundo-lopez-se-perfila-como-candidato-para-el-senado-por-juntos-somos-rio-negro\/","title":{"rendered":"Facundo L\u00f3pez se perfila como candidato para el Senado por Juntos Somos R\u00edo Negro"},"content":{"rendered":"\n<p>Con el cierre de listas a la vuelta de la esquina, el gobernador de R\u00edo Negro,&nbsp;<strong>Alberto Weretilneck<\/strong>, avanza en la definici\u00f3n de los nombres que representar\u00e1n a&nbsp;<strong>Juntos Somos R\u00edo Negro&nbsp;<\/strong>de cara a las elecciones nacionales de octubre.&nbsp;<\/p>\n\n\n\n<p>Aunque el vicegobernador&nbsp;<strong>Pedro Pesatti<\/strong>&nbsp;lidera las encuestas, todo indica que el elegido para encabezar la lista al Senado ser\u00e1&nbsp;<strong>Facundo L\u00f3pez,<\/strong>&nbsp;uno de los hombres de mayor confianza del mandatario.<\/p>\n\n\n\n<p>Este fin de semana, Weretilneck se qued\u00f3 en Viedma para ultimar detalles junto a su equipo. El objetivo: consolidar a JSRN como una tercera opci\u00f3n frente al oficialismo libertario y al peronismo, rompiendo as\u00ed con la l\u00f3gica de la polarizaci\u00f3n nacional.<\/p>\n\n\n\n<p>La imagen del gobernador compartiendo un asado por el D\u00eda del Amigo con&nbsp;<strong>Facundo L\u00f3pez,<\/strong>&nbsp;y sin rastros de Pesatti, fue le\u00edda como un gesto pol\u00edtico elocuente. Aunque Pesatti cuenta con experiencia, buena imagen y encabeza los sondeos frente a sus potenciales rivales -como&nbsp;<strong>Mart\u00edn Soria y Lorena Villaverde<\/strong>-, su v\u00ednculo con Weretilneck atraviesa un momento tenso.<\/p>\n\n\n\n<p>En cambio,&nbsp;L\u00f3pez, con bajo perfil y escasa proyecci\u00f3n provincial, aparece como una figura en crecimiento.&nbsp;Su cercan\u00eda al gobernador y rol como operador pol\u00edtico en Viedma lo posicionan como favorito.<\/p>\n\n\n\n<p>En cuanto al segundo nombre para el Senado, todo apunta a una elecci\u00f3n dentro del c\u00edrculo \u00edntimo del mandatario. Se mencion\u00f3 a&nbsp;<strong>Andrea Confini,<\/strong>&nbsp;actual secretaria de Energ\u00eda y pareja de Weretilneck, pero en las \u00faltimas horas surgi\u00f3 otra opci\u00f3n con peso simb\u00f3lico:&nbsp;<strong>Luciana Weretilneck<\/strong>, hija del gobernador y directora del Mercado Artesanal.<\/p>\n\n\n\n<p>Para Diputados, el escenario parece m\u00e1s definido. El primer lugar ser\u00eda para un dirigente de Bariloche, por una cuesti\u00f3n de equilibrio territorial. Las opciones m\u00e1s firmes son&nbsp;<strong>Agust\u00edn Domingo<\/strong>&nbsp;-quien podr\u00eda buscar renovar su banca- o&nbsp;<strong>Juan Pablo Muena,<\/strong>&nbsp;actual ministro de Desarrollo Humano.<\/p>\n\n\n\n<p>Tambi\u00e9n se menciona, aunque con menos chances, a&nbsp;<strong>Silvina Garc\u00eda<\/strong>&nbsp;<strong>Larraburu<\/strong>, actual senadora y referente del Frente Renovador. Sin embargo, ese espacio qued\u00f3 fuera del acuerdo de unidad sellado por&nbsp;<strong>Mart\u00edn Soria y Mart\u00edn Do\u00f1ate&nbsp;<\/strong>en el peronismo rionegrino.<\/p>\n\n\n\n<p>La fecha l\u00edmite para oficializar las candidaturas es el 26 de julio, pero en JSRN aseguran que la lista estar\u00e1 definida antes.<\/p>\n\n\n\n<p><strong>Fuente: www.neuquenpost.com<\/strong><\/p>\n","protected":false},"excerpt":{"rendered":"<p>Con el cierre de listas a la vuelta de la esquina, el gobernador de R\u00edo Negro,&nbsp;Alberto Weretilneck, avanza en la definici\u00f3n de los nombres que representar\u00e1n a&nbsp;Juntos Somos R\u00edo Negro&nbsp;de cara a las elecciones nacionales de octubre.&nbsp; Aunque el vicegobernador&nbsp;Pedro Pesatti&nbsp;lidera las encuestas, todo indica que el elegido para encabezar la lista al Senado ser\u00e1&nbsp;Facundo [&hellip;]<\/p>\n","protected":false},"author":5,"featured_media":7293,"comment_status":"open","ping_status":"open","sticky":false,"template":"","format":"standard","meta":[],"categories":[13],"tags":[],"_links":{"self":[{"href":"https:\/\/politicapatagonica.com\/index.php\/wp-json\/wp\/v2\/posts\/7292"}],"collection":[{"href":"https:\/\/politicapatagonica.com\/index.php\/wp-json\/wp\/v2\/posts"}],"about":[{"href":"https:\/\/politicapatagonica.com\/index.php\/wp-json\/wp\/v2\/types\/post"}],"author":[{"embeddable":true,"href":"https:\/\/politicapatagonica.com\/index.php\/wp-json\/wp\/v2\/users\/5"}],"replies":[{"embeddable":true,"href":"https:\/\/politicapatagonica.com\/index.php\/wp-json\/wp\/v2\/comments?post=7292"}],"version-history":[{"count":2,"href":"https:\/\/politicapatagonica.com\/index.php\/wp-json\/wp\/v2\/posts\/7292\/revisions"}],"predecessor-version":[{"id":7301,"href":"https:\/\/politicapatagonica.com\/index.php\/wp-json\/wp\/v2\/posts\/7292\/revisions\/7301"}],"wp:featuredmedia":[{"embeddable":true,"href":"https:\/\/politicapatagonica.com\/index.php\/wp-json\/wp\/v2\/media\/7293"}],"wp:attachment":[{"href":"https:\/\/politicapatagonica.com\/index.php\/wp-json\/wp\/v2\/media?parent=7292"}],"wp:term":[{"taxonomy":"category","embeddable":true,"href":"https:\/\/politicapatagonica.com\/index.php\/wp-json\/wp\/v2\/categories?post=7292"},{"taxonomy":"post_tag","embeddable":true,"href":"https:\/\/politicapatagonica.com\/index.php\/wp-json\/wp\/v2\/tags?post=7292"}],"curies":[{"name":"wp","href":"https:\/\/api.w.org\/{rel}","templated":true}]}}